{"id":6281,"date":"2022-09-10T22:11:50","date_gmt":"2022-09-10T22:11:50","guid":{"rendered":"https:\/\/mifavorita.com.pa\/2017\/?p=6281"},"modified":"2022-09-10T22:11:51","modified_gmt":"2022-09-10T22:11:51","slug":"festival-del-toro-guapo-a-la-vuelta-de-la-esquina-anton-ya-esta-listo","status":"publish","type":"post","link":"https:\/\/mifavorita.com.pa\/2017\/festival-del-toro-guapo-a-la-vuelta-de-la-esquina-anton-ya-esta-listo\/","title":{"rendered":"FESTIVAL DEL TORO GUAPO A LA VUELTA DE LA ESQUINA: ANT\u00d3N YA EST\u00c1 LISTO"},"content":{"rendered":"\n<p>DAMGELA DE LE\u00d3N&nbsp;<\/p>\n\n\n\n<p>Conjuntos folcl\u00f3ricos internacionales, nuevos concursos de labores campesinas, oportunidad para artesanos y m\u00faltiples muestras del folclor, son parte de las actividades que se llevar\u00e1n a cabo en la versi\u00f3n n\u00famero 51 del Festival Nacional del Toro Guapo de Ant\u00f3n, provincia de Cocl\u00e9, que ser\u00e1 del 13 al 17 de octubre pr\u00f3ximo. As\u00ed lo han anunciado autoridades del distrito y miembros del patronato en una conferencia de prensa realizada el s\u00e1bado 10 de septiembre en un hotel de playa de la ribera pac\u00edfica, parte de los atractivos tur\u00edsticos que ofrece Ant\u00f3n, seg\u00fan indicaron los organizadores.<\/p>\n\n\n\n<p>Gilberto Moreno, presidente del patronato, explic\u00f3 que ya se han realizado coordinaciones con los estamentos de seguridad para brindar protecci\u00f3n a todo aquel que visite Ant\u00f3n, tambi\u00e9n que han introducido nuevos concursos como el de orde\u00f1o para ni\u00f1os de 7 a 9 a\u00f1os, y esperan la participaci\u00f3n de conjuntos folcl\u00f3ricos internacionales invitados. <\/p>\n\n\n\n<figure class=\"wp-block-image size-large\"><img fetchpriority=\"high\" decoding=\"async\" width=\"300\" height=\"288\" src=\"https:\/\/mifavorita.com.pa\/2017\/wp-content\/uploads\/2022\/09\/1c117de1-eb62-465e-a167-3e03f327108c-300x288.jpg\" class=\"wp-image-6278\" srcset=\"https:\/\/mifavorita.com.pa\/2017\/wp-content\/uploads\/2022\/09\/1c117de1-eb62-465e-a167-3e03f327108c-300x288.jpg 300w, https:\/\/mifavorita.com.pa\/2017\/wp-content\/uploads\/2022\/09\/1c117de1-eb62-465e-a167-3e03f327108c.jpg 615w\" sizes=\"(max-width: 300px) 100vw, 300px\" \/><figcaption class=\"wp-element-caption\">Gilberto Moreno, presidente del patronato<\/figcaption><\/figure>\n\n\n\n<p>Por su parte, Carolina Navas, directora de la Autoridad de Turismo de Cocl\u00e9, mencion\u00f3 que dentro del Plan Maestro de Turismo 2020-2025 de Panam\u00e1, se plantea el apoyo a estos festivales, y que se est\u00e1 creando un comit\u00e9 de gesti\u00f3n de destino tur\u00edstico para El Valle de Ant\u00f3n y las playas, para impulsar la econom\u00eda. <\/p>\n\n\n\n<figure class=\"wp-block-image size-large\"><img decoding=\"async\" width=\"300\" height=\"300\" src=\"https:\/\/mifavorita.com.pa\/2017\/wp-content\/uploads\/2022\/09\/9956108c-7faa-4cc7-bb22-1f7d954e58da-300x300.jpg\" class=\"wp-image-6279\" srcset=\"https:\/\/mifavorita.com.pa\/2017\/wp-content\/uploads\/2022\/09\/9956108c-7faa-4cc7-bb22-1f7d954e58da-300x300.jpg 300w, https:\/\/mifavorita.com.pa\/2017\/wp-content\/uploads\/2022\/09\/9956108c-7faa-4cc7-bb22-1f7d954e58da-150x150.jpg 150w, https:\/\/mifavorita.com.pa\/2017\/wp-content\/uploads\/2022\/09\/9956108c-7faa-4cc7-bb22-1f7d954e58da.jpg 621w\" sizes=\"(max-width: 300px) 100vw, 300px\" \/><figcaption class=\"wp-element-caption\">Carolina Navas, directora de la Autoridad de Turismo de Cocl\u00e9<\/figcaption><\/figure>\n\n\n\n<p>Seg\u00fan la directora de la ATP en Cocl\u00e9, se espera aumentar&nbsp;la cantidad de vuelos ch\u00e1rter, para&nbsp;que lleguen turistas de manera permanente al Aeropuerto Internacional Scarlett Mart\u00ednez, con la participaci\u00f3n de diversas aerol\u00edneas, que permita dar una proyecci\u00f3n internacional al Festival del Toro Guapo y&nbsp;a Ant\u00f3n.&nbsp;El comit\u00e9 lo integrar\u00e1&nbsp;el Alcalde del distrito, ATP,&nbsp;C\u00e1mara de Turismo, grupos c\u00edvicos, entre otros.<\/p>\n\n\n\n<p>El alcalde del distrito, Eric Dom\u00ednguez, espera que el Festival impacte de gran manera en la reactivaci\u00f3n econ\u00f3mica de toda la regi\u00f3n, y a su vez, poder llevarlo a cabo dentro de la nueva normalidad. Seg\u00fan dijo, el Municipio de Ant\u00f3n, ser\u00e1 el brazo derecho del patronato en materia econ\u00f3mica y de organizaci\u00f3n. <\/p>\n\n\n\n<figure class=\"wp-block-image size-large\"><img decoding=\"async\" width=\"300\" height=\"250\" src=\"https:\/\/mifavorita.com.pa\/2017\/wp-content\/uploads\/2022\/09\/28bae2fb-7a5f-41a6-9309-a56d13758433-300x250.jpg\" class=\"wp-image-6280\" srcset=\"https:\/\/mifavorita.com.pa\/2017\/wp-content\/uploads\/2022\/09\/28bae2fb-7a5f-41a6-9309-a56d13758433-300x250.jpg 300w, https:\/\/mifavorita.com.pa\/2017\/wp-content\/uploads\/2022\/09\/28bae2fb-7a5f-41a6-9309-a56d13758433.jpg 647w\" sizes=\"(max-width: 300px) 100vw, 300px\" \/><figcaption class=\"wp-element-caption\">Eric Dom\u00ednguez &#8211; Alcalde de Ant\u00f3n <\/figcaption><\/figure>\n\n\n\n<p>En la mesa principal participaron el presidente del Patronato;&nbsp;la Directora regional de la ATP;&nbsp;Nicole Vargas, reina de la versi\u00f3n 50 y Josselyn Hern\u00e1ndez, futura soberana; al igual que un miembro de la Polic\u00eda Nacional;&nbsp;el Alcalde del distrito; el Diputado suplente del circuito 2-2; la pr\u00f3xima reina infantil, Lesliany Nieto con su princesa, L\u00eda Ja\u00e9n, y el abanderado infantil.&nbsp;<\/p>\n\n\n\n<p>Se ofrecieron muestras folcl\u00f3ricas antoneras como la danza del toro, pelea de toros, tamboritos, polleras picaronas, y gastronom\u00eda como guacho y dulces t\u00edpicos.<\/p>\n","protected":false},"excerpt":{"rendered":"<p>DAMGELA DE LE\u00d3N&nbsp; Conjuntos folcl\u00f3ricos internacionales, nuevos concursos de labores campesinas, oportunidad para artesanos y m\u00faltiples muestras del folclor, son parte de las actividades que se llevar\u00e1n a cabo en la versi\u00f3n n\u00famero 51 del Festival Nacional del Toro Guapo de Ant\u00f3n, provincia de Cocl\u00e9, que ser\u00e1 del 13 al 17 de octubre pr\u00f3ximo. As\u00ed [&hellip;]<\/p>\n","protected":false},"author":2,"featured_media":6277,"comment_status":"closed","ping_status":"open","sticky":false,"template":"","format":"standard","meta":{"footnotes":""},"categories":[1],"tags":[],"class_list":["post-6281","post","type-post","status-publish","format-standard","has-post-thumbnail","hentry","category-noticias"],"_links":{"self":[{"href":"https:\/\/mifavorita.com.pa\/2017\/wp-json\/wp\/v2\/posts\/6281","targetHints":{"allow":["GET"]}}],"collection":[{"href":"https:\/\/mifavorita.com.pa\/2017\/wp-json\/wp\/v2\/posts"}],"about":[{"href":"https:\/\/mifavorita.com.pa\/2017\/wp-json\/wp\/v2\/types\/post"}],"author":[{"embeddable":true,"href":"https:\/\/mifavorita.com.pa\/2017\/wp-json\/wp\/v2\/users\/2"}],"replies":[{"embeddable":true,"href":"https:\/\/mifavorita.com.pa\/2017\/wp-json\/wp\/v2\/comments?post=6281"}],"version-history":[{"count":1,"href":"https:\/\/mifavorita.com.pa\/2017\/wp-json\/wp\/v2\/posts\/6281\/revisions"}],"predecessor-version":[{"id":6282,"href":"https:\/\/mifavorita.com.pa\/2017\/wp-json\/wp\/v2\/posts\/6281\/revisions\/6282"}],"wp:featuredmedia":[{"embeddable":true,"href":"https:\/\/mifavorita.com.pa\/2017\/wp-json\/wp\/v2\/media\/6277"}],"wp:attachment":[{"href":"https:\/\/mifavorita.com.pa\/2017\/wp-json\/wp\/v2\/media?parent=6281"}],"wp:term":[{"taxonomy":"category","embeddable":true,"href":"https:\/\/mifavorita.com.pa\/2017\/wp-json\/wp\/v2\/categories?post=6281"},{"taxonomy":"post_tag","embeddable":true,"href":"https:\/\/mifavorita.com.pa\/2017\/wp-json\/wp\/v2\/tags?post=6281"}],"curies":[{"name":"wp","href":"https:\/\/api.w.org\/{rel}","templated":true}]}}