{"id":6296,"date":"2022-09-12T18:21:51","date_gmt":"2022-09-12T18:21:51","guid":{"rendered":"https:\/\/mifavorita.com.pa\/2017\/?p=6296"},"modified":"2022-09-12T18:21:53","modified_gmt":"2022-09-12T18:21:53","slug":"cocle-celebra-su-aniversario-de-fundacion","status":"publish","type":"post","link":"https:\/\/mifavorita.com.pa\/2017\/cocle-celebra-su-aniversario-de-fundacion\/","title":{"rendered":"Cocl\u00e9 celebra su aniversario de fundaci\u00f3n"},"content":{"rendered":"\n<p>La provincia de Cocl\u00e9 fue creada mediante Acto del 12 de septiembre de 1855, con el t\u00edtulo de departamento, siendo presidente del Estado Federal el destacado estadista Dr. Justo Arosemena. <\/p>\n\n\n\n<figure class=\"wp-block-image size-large\"><img fetchpriority=\"high\" decoding=\"async\" width=\"840\" height=\"1024\" src=\"https:\/\/mifavorita.com.pa\/2017\/wp-content\/uploads\/2022\/09\/a2852f9d-e707-4441-8e34-bb93deb7530b-840x1024.jpg\" class=\"wp-image-6292\" srcset=\"https:\/\/mifavorita.com.pa\/2017\/wp-content\/uploads\/2022\/09\/a2852f9d-e707-4441-8e34-bb93deb7530b-840x1024.jpg 840w, https:\/\/mifavorita.com.pa\/2017\/wp-content\/uploads\/2022\/09\/a2852f9d-e707-4441-8e34-bb93deb7530b-246x300.jpg 246w, https:\/\/mifavorita.com.pa\/2017\/wp-content\/uploads\/2022\/09\/a2852f9d-e707-4441-8e34-bb93deb7530b-768x937.jpg 768w, https:\/\/mifavorita.com.pa\/2017\/wp-content\/uploads\/2022\/09\/a2852f9d-e707-4441-8e34-bb93deb7530b-1260x1536.jpg 1260w, https:\/\/mifavorita.com.pa\/2017\/wp-content\/uploads\/2022\/09\/a2852f9d-e707-4441-8e34-bb93deb7530b-1200x1463.jpg 1200w, https:\/\/mifavorita.com.pa\/2017\/wp-content\/uploads\/2022\/09\/a2852f9d-e707-4441-8e34-bb93deb7530b.jpg 1312w\" sizes=\"(max-width: 840px) 100vw, 840px\" \/><\/figure>\n\n\n\n<p>Por el decreto N.\u00ba 190 del 20 de octubre de 1886, el antiguo departamento tom\u00f3 el nombre definitivo de provincia de Cocl\u00e9, ratificado por la Constituci\u00f3n Pol\u00edtica de la Rep\u00fablica de Panam\u00e1 de 13 de febrero de 1904, siendo presidente el doctor Pablo Arosemena.<\/p>\n\n\n\n<p>El primer espa\u00f1ol que recorri\u00f3 las tierras coclesanas fue Gonzalo de Badajoz, quien a mediados de 1515 entr\u00f3 en los dominios de los tibas o caciques Chir\u00fa, Penonom\u00e9, Nat\u00e1. Escoria y Paris.<\/p>\n\n\n\n<figure class=\"wp-block-image size-large\"><img decoding=\"async\" width=\"1024\" height=\"678\" src=\"https:\/\/mifavorita.com.pa\/2017\/wp-content\/uploads\/2022\/09\/img_5798-1024x678.jpg\" class=\"wp-image-6295\" srcset=\"https:\/\/mifavorita.com.pa\/2017\/wp-content\/uploads\/2022\/09\/img_5798-1024x678.jpg 1024w, https:\/\/mifavorita.com.pa\/2017\/wp-content\/uploads\/2022\/09\/img_5798-300x199.jpg 300w, https:\/\/mifavorita.com.pa\/2017\/wp-content\/uploads\/2022\/09\/img_5798-768x509.jpg 768w, https:\/\/mifavorita.com.pa\/2017\/wp-content\/uploads\/2022\/09\/img_5798-1536x1018.jpg 1536w, https:\/\/mifavorita.com.pa\/2017\/wp-content\/uploads\/2022\/09\/img_5798-2048x1357.jpg 2048w, https:\/\/mifavorita.com.pa\/2017\/wp-content\/uploads\/2022\/09\/img_5798-1200x795.jpg 1200w, https:\/\/mifavorita.com.pa\/2017\/wp-content\/uploads\/2022\/09\/img_5798-1980x1312.jpg 1980w\" sizes=\"(max-width: 1024px) 100vw, 1024px\" \/><\/figure>\n\n\n\n<p>Se presume que el nombre de Cocl\u00e9 se le debe a un cacique o un \u201csacerdote\u201d que dominada la llanura central de su territorio, aunque algunos cronistas citan su nombre como Corte en vez de Cocl\u00e9.<\/p>\n\n\n\n<figure class=\"wp-block-image size-large\"><img decoding=\"async\" width=\"300\" height=\"225\" src=\"https:\/\/mifavorita.com.pa\/2017\/wp-content\/uploads\/2022\/09\/img_5797-300x225.jpg\" class=\"wp-image-6290\" srcset=\"https:\/\/mifavorita.com.pa\/2017\/wp-content\/uploads\/2022\/09\/img_5797-300x225.jpg 300w, https:\/\/mifavorita.com.pa\/2017\/wp-content\/uploads\/2022\/09\/img_5797-768x576.jpg 768w, https:\/\/mifavorita.com.pa\/2017\/wp-content\/uploads\/2022\/09\/img_5797.jpg 1024w\" sizes=\"(max-width: 300px) 100vw, 300px\" \/><\/figure>\n\n\n\n<p>El Instituto Geogr\u00e1fico Tommy Guardia determin\u00f3 hace varias d\u00e9cadas que el centro geod\u00e9sico del pa\u00eds se encuentra precisamente en el parque central de la ciudad de Penonom\u00e9, capital de la provincia, donde existe un hito que lo representa.<\/p>\n\n\n\n<figure class=\"wp-block-image size-large\"><img loading=\"lazy\" decoding=\"async\" width=\"768\" height=\"1024\" src=\"https:\/\/mifavorita.com.pa\/2017\/wp-content\/uploads\/2022\/09\/img_4054-768x1024.jpg\" class=\"wp-image-6288\" srcset=\"https:\/\/mifavorita.com.pa\/2017\/wp-content\/uploads\/2022\/09\/img_4054-768x1024.jpg 768w, https:\/\/mifavorita.com.pa\/2017\/wp-content\/uploads\/2022\/09\/img_4054-225x300.jpg 225w, https:\/\/mifavorita.com.pa\/2017\/wp-content\/uploads\/2022\/09\/img_4054-1152x1536.jpg 1152w, https:\/\/mifavorita.com.pa\/2017\/wp-content\/uploads\/2022\/09\/img_4054-1536x2048.jpg 1536w, https:\/\/mifavorita.com.pa\/2017\/wp-content\/uploads\/2022\/09\/img_4054-1200x1600.jpg 1200w, https:\/\/mifavorita.com.pa\/2017\/wp-content\/uploads\/2022\/09\/img_4054-1980x2640.jpg 1980w, https:\/\/mifavorita.com.pa\/2017\/wp-content\/uploads\/2022\/09\/img_4054-scaled.jpg 1920w\" sizes=\"(max-width: 768px) 100vw, 768px\" \/><\/figure>\n\n\n\n<p>La Provincia de Cocl\u00e9 tiene adem\u00e1s una identidad hist\u00f3rica propia relacionada, por un lado, a la presencia ind\u00edgena precolombina, con recursos arqueol\u00f3gicos extraordinarios como el Sitio Conte en Penonom\u00e9 y el Museo Arqueol\u00f3gico de El Ca\u00f1o en Nat\u00e1; y por el otro al desarrollo de la cultura hisp\u00e1nica, cuya muestra est\u00e1 constituida por importantes infraestructuras, entre ellas la Iglesia de Nat\u00e1 como la m\u00e1s significativa.<\/p>\n\n\n\n<p>Previo a la era republicana, en Cocl\u00e9 se desarrollaron sangrientas luchas entre militantes de los partidos pol\u00edticos liberales y conservadores, en las que tuvo gran protagonismo el l\u00edder guerrillero Victoriano Lorenzo Troya, finalmente fusilado pos sus opositores. Ha sido una provincia con gran actividad pol\u00edtica desde los inicios de la Rep\u00fablica y cuna de importantes l\u00edderes y presidentes democr\u00e1ticos de nuestro pa\u00eds.<\/p>\n\n\n\n<figure class=\"wp-block-image size-large\"><img loading=\"lazy\" decoding=\"async\" width=\"1024\" height=\"768\" src=\"https:\/\/mifavorita.com.pa\/2017\/wp-content\/uploads\/2022\/09\/img_3172-1024x768.jpg\" class=\"wp-image-6293\" srcset=\"https:\/\/mifavorita.com.pa\/2017\/wp-content\/uploads\/2022\/09\/img_3172-1024x768.jpg 1024w, https:\/\/mifavorita.com.pa\/2017\/wp-content\/uploads\/2022\/09\/img_3172-300x225.jpg 300w, https:\/\/mifavorita.com.pa\/2017\/wp-content\/uploads\/2022\/09\/img_3172-768x576.jpg 768w, https:\/\/mifavorita.com.pa\/2017\/wp-content\/uploads\/2022\/09\/img_3172-1536x1152.jpg 1536w, https:\/\/mifavorita.com.pa\/2017\/wp-content\/uploads\/2022\/09\/img_3172-2048x1536.jpg 2048w, https:\/\/mifavorita.com.pa\/2017\/wp-content\/uploads\/2022\/09\/img_3172-1200x900.jpg 1200w, https:\/\/mifavorita.com.pa\/2017\/wp-content\/uploads\/2022\/09\/img_3172-1980x1485.jpg 1980w\" sizes=\"(max-width: 1024px) 100vw, 1024px\" \/><\/figure>\n\n\n\n<p>Para mostrar a los propios y turistas la provincia de Cocl\u00e9 conserva joyas de patrimonio hist\u00f3rico como lo es la iglesia de Santiago Ap\u00f3stol en la ciudad de Nat\u00e1 de los Caballeros y el Parque Arqueol\u00f3gico El Ca\u00f1o; importante legado de la cultura ind\u00edgena coclesana.<\/p>\n\n\n\n<figure class=\"wp-block-image size-large\"><img loading=\"lazy\" decoding=\"async\" width=\"300\" height=\"169\" src=\"https:\/\/mifavorita.com.pa\/2017\/wp-content\/uploads\/2022\/09\/img_5803-300x169.jpg\" class=\"wp-image-6294\" srcset=\"https:\/\/mifavorita.com.pa\/2017\/wp-content\/uploads\/2022\/09\/img_5803-300x169.jpg 300w, https:\/\/mifavorita.com.pa\/2017\/wp-content\/uploads\/2022\/09\/img_5803-768x432.jpg 768w, https:\/\/mifavorita.com.pa\/2017\/wp-content\/uploads\/2022\/09\/img_5803.jpg 800w\" sizes=\"(max-width: 300px) 100vw, 300px\" \/><\/figure>\n\n\n\n<p>La provincia est\u00e1 divida pol\u00edticamente en seis distritos, siendo ellos Ol\u00e1, Aguadulce, Nat\u00e1, La Pintada, Penonom\u00e9 y Ant\u00f3n, adem\u00e1s cuenta actualmente con 47 corregimientos, cifra que aumentar\u00e1 una vez se elijan nuevas autoridades el pr\u00f3ximo 2024.<\/p>\n\n\n\n<p>Hoy 12 de septiembre la provincia de Cocl\u00e9 cumple 167 a\u00f1os desde su fundaci\u00f3n.<\/p>\n\n\n\n<p>Felicidades coclesanos!!!<\/p>\n\n\n\n<p> <\/p>\n\n\n\n<p><strong>Informaci\u00f3n, tomada de internet.<\/strong><\/p>\n","protected":false},"excerpt":{"rendered":"<p>La provincia de Cocl\u00e9 fue creada mediante Acto del 12 de septiembre de 1855, con el t\u00edtulo de departamento, siendo presidente del Estado Federal el destacado estadista Dr. Justo Arosemena. Por el decreto N.\u00ba 190 del 20 de octubre de 1886, el antiguo departamento tom\u00f3 el nombre definitivo de provincia de Cocl\u00e9, ratificado por la [&hellip;]<\/p>\n","protected":false},"author":2,"featured_media":6284,"comment_status":"closed","ping_status":"open","sticky":false,"template":"","format":"standard","meta":{"footnotes":""},"categories":[1],"tags":[],"class_list":["post-6296","post","type-post","status-publish","format-standard","has-post-thumbnail","hentry","category-noticias"],"_links":{"self":[{"href":"https:\/\/mifavorita.com.pa\/2017\/wp-json\/wp\/v2\/posts\/6296","targetHints":{"allow":["GET"]}}],"collection":[{"href":"https:\/\/mifavorita.com.pa\/2017\/wp-json\/wp\/v2\/posts"}],"about":[{"href":"https:\/\/mifavorita.com.pa\/2017\/wp-json\/wp\/v2\/types\/post"}],"author":[{"embeddable":true,"href":"https:\/\/mifavorita.com.pa\/2017\/wp-json\/wp\/v2\/users\/2"}],"replies":[{"embeddable":true,"href":"https:\/\/mifavorita.com.pa\/2017\/wp-json\/wp\/v2\/comments?post=6296"}],"version-history":[{"count":1,"href":"https:\/\/mifavorita.com.pa\/2017\/wp-json\/wp\/v2\/posts\/6296\/revisions"}],"predecessor-version":[{"id":6297,"href":"https:\/\/mifavorita.com.pa\/2017\/wp-json\/wp\/v2\/posts\/6296\/revisions\/6297"}],"wp:featuredmedia":[{"embeddable":true,"href":"https:\/\/mifavorita.com.pa\/2017\/wp-json\/wp\/v2\/media\/6284"}],"wp:attachment":[{"href":"https:\/\/mifavorita.com.pa\/2017\/wp-json\/wp\/v2\/media?parent=6296"}],"wp:term":[{"taxonomy":"category","embeddable":true,"href":"https:\/\/mifavorita.com.pa\/2017\/wp-json\/wp\/v2\/categories?post=6296"},{"taxonomy":"post_tag","embeddable":true,"href":"https:\/\/mifavorita.com.pa\/2017\/wp-json\/wp\/v2\/tags?post=6296"}],"curies":[{"name":"wp","href":"https:\/\/api.w.org\/{rel}","templated":true}]}}