{"id":6300,"date":"2022-09-12T18:47:22","date_gmt":"2022-09-12T18:47:22","guid":{"rendered":"https:\/\/mifavorita.com.pa\/2017\/?p=6300"},"modified":"2022-09-12T18:47:23","modified_gmt":"2022-09-12T18:47:23","slug":"conductor-de-camion-provoca-accidente-fatal-y-se-da-a-la-fuga-en-chorrerita-de-penonome","status":"publish","type":"post","link":"https:\/\/mifavorita.com.pa\/2017\/conductor-de-camion-provoca-accidente-fatal-y-se-da-a-la-fuga-en-chorrerita-de-penonome\/","title":{"rendered":"CONDUCTOR DE CAMI\u00d3N PROVOCA ACCIDENTE FATAL Y SE DA A LA FUGA EN CHORRERITA DE PENONOM\u00c9"},"content":{"rendered":"\n<p>DAMGELA DE LE\u00d3N<\/p>\n\n\n\n<p>Un muerto&nbsp;y 3 heridos, entre ellos un menor de edad,&nbsp;fue el resultado de una colisi\u00f3n de un veh\u00edculo articulado contra un auto sed\u00e1n, aproximadamente a las 8 de la noche del domingo 11 de septiembre, en Chorrerita de&nbsp;Penonom\u00e9 con direcci\u00f3n a la ciudad capital.&nbsp;Todo ocurri\u00f3 cuando, seg\u00fan los ocupantes del auto y testigos, un cami\u00f3n los colision\u00f3 provocando que el veh\u00edculo se saliera de la v\u00eda, y se precipitara&nbsp;bajo el puente sobre el R\u00edo Hondo.<\/p>\n\n\n\n<p>Los heridos lograron salir del veh\u00edculo, pero al ser socorridos por personal de emergencias, indicaron que la conductora a\u00fan se manten\u00eda dentro, sin embargo, al intentar atenderla, lamentablemente se manten\u00eda sin signos vitales. <\/p>\n\n\n\n<figure class=\"wp-block-image size-large\"><img fetchpriority=\"high\" decoding=\"async\" width=\"225\" height=\"300\" src=\"https:\/\/mifavorita.com.pa\/2017\/wp-content\/uploads\/2022\/09\/2cbf200e-e867-4836-b93c-32676ffcd5c0-225x300.jpg\" class=\"wp-image-6299\" srcset=\"https:\/\/mifavorita.com.pa\/2017\/wp-content\/uploads\/2022\/09\/2cbf200e-e867-4836-b93c-32676ffcd5c0-225x300.jpg 225w, https:\/\/mifavorita.com.pa\/2017\/wp-content\/uploads\/2022\/09\/2cbf200e-e867-4836-b93c-32676ffcd5c0.jpg 768w\" sizes=\"(max-width: 225px) 100vw, 225px\" \/><\/figure>\n\n\n\n<p>El conductor del cami\u00f3n articulado se dio a la fuga, por lo que las autoridades se encuentran en su b\u00fasqueda, y el Ministerio P\u00fablico ya ha abierto una investigaci\u00f3n para determinar los detalles de lo sucedido.&nbsp;<\/p>\n\n\n\n<p>El menor, de 4 a\u00f1os de edad,&nbsp;al igual que los otros ocupantes, se mantienen&nbsp;estables&nbsp;y recuper\u00e1ndose en el Hospital Aquilino Tejeira de Penonom\u00e9. As\u00ed lo indic\u00f3 Javier de los Reyes, de la Direcci\u00f3n Nacional de Operaciones de Tr\u00e1nsito de Cocl\u00e9.&nbsp;<\/p>\n\n\n\n<p>De los Reyes agreg\u00f3 que cada fin de semana la irresponsabilidad de algunos conductores aumenta, por lo que es importante mantenerse atentos ante cualquiera irregularidad en las v\u00edas. Esta es la v\u00edctima n\u00famero 24 por accidentes de tr\u00e1nsito que se registra en la provincia de Cocl\u00e9.<\/p>\n","protected":false},"excerpt":{"rendered":"<p>DAMGELA DE LE\u00d3N Un muerto&nbsp;y 3 heridos, entre ellos un menor de edad,&nbsp;fue el resultado de una colisi\u00f3n de un veh\u00edculo articulado contra un auto sed\u00e1n, aproximadamente a las 8 de la noche del domingo 11 de septiembre, en Chorrerita de&nbsp;Penonom\u00e9 con direcci\u00f3n a la ciudad capital.&nbsp;Todo ocurri\u00f3 cuando, seg\u00fan los ocupantes del auto y [&hellip;]<\/p>\n","protected":false},"author":2,"featured_media":6298,"comment_status":"closed","ping_status":"open","sticky":false,"template":"","format":"standard","meta":{"footnotes":""},"categories":[1],"tags":[],"class_list":["post-6300","post","type-post","status-publish","format-standard","has-post-thumbnail","hentry","category-noticias"],"_links":{"self":[{"href":"https:\/\/mifavorita.com.pa\/2017\/wp-json\/wp\/v2\/posts\/6300","targetHints":{"allow":["GET"]}}],"collection":[{"href":"https:\/\/mifavorita.com.pa\/2017\/wp-json\/wp\/v2\/posts"}],"about":[{"href":"https:\/\/mifavorita.com.pa\/2017\/wp-json\/wp\/v2\/types\/post"}],"author":[{"embeddable":true,"href":"https:\/\/mifavorita.com.pa\/2017\/wp-json\/wp\/v2\/users\/2"}],"replies":[{"embeddable":true,"href":"https:\/\/mifavorita.com.pa\/2017\/wp-json\/wp\/v2\/comments?post=6300"}],"version-history":[{"count":1,"href":"https:\/\/mifavorita.com.pa\/2017\/wp-json\/wp\/v2\/posts\/6300\/revisions"}],"predecessor-version":[{"id":6301,"href":"https:\/\/mifavorita.com.pa\/2017\/wp-json\/wp\/v2\/posts\/6300\/revisions\/6301"}],"wp:featuredmedia":[{"embeddable":true,"href":"https:\/\/mifavorita.com.pa\/2017\/wp-json\/wp\/v2\/media\/6298"}],"wp:attachment":[{"href":"https:\/\/mifavorita.com.pa\/2017\/wp-json\/wp\/v2\/media?parent=6300"}],"wp:term":[{"taxonomy":"category","embeddable":true,"href":"https:\/\/mifavorita.com.pa\/2017\/wp-json\/wp\/v2\/categories?post=6300"},{"taxonomy":"post_tag","embeddable":true,"href":"https:\/\/mifavorita.com.pa\/2017\/wp-json\/wp\/v2\/tags?post=6300"}],"curies":[{"name":"wp","href":"https:\/\/api.w.org\/{rel}","templated":true}]}}