{"id":6305,"date":"2022-09-12T19:20:24","date_gmt":"2022-09-12T19:20:24","guid":{"rendered":"https:\/\/mifavorita.com.pa\/2017\/?p=6305"},"modified":"2022-09-12T19:20:25","modified_gmt":"2022-09-12T19:20:25","slug":"biblioteca-galileo-patino-de-anton-cumple-80-anos","status":"publish","type":"post","link":"https:\/\/mifavorita.com.pa\/2017\/biblioteca-galileo-patino-de-anton-cumple-80-anos\/","title":{"rendered":"Biblioteca Galileo Pati\u00f1o de Ant\u00f3n, cumple 80 a\u00f1os"},"content":{"rendered":"\n<p> EDILSA GONZ\u00c1LEZ ROCA<\/p>\n\n\n\n<p>La primera biblioteca construida en el interior del pa\u00eds cumple hoy 12 de septiembre 80 a\u00f1os, se trata de la Biblioteca P\u00fablica de Ant\u00f3n Dr. Galileo Pati\u00f1o, fundada un d\u00eda como hoy, pero de 1942, obra del ilustre antonero por el cual lleva su nombre.<\/p>\n\n\n\n<p>La biblioteca comenz\u00f3 con su equipo inmobiliario completo luego de los esfuerzos del comit\u00e9 Pro Biblioteca, de ese entonces; y gracias al af\u00e1n del maestro Galileo Pati\u00f1o, quien quiso dejar testimonio de su consagrado trabajo al logro de su carrera educativa y de quien el pueblo de Ant\u00f3n conserva gratos recuerdos.<\/p>\n\n\n\n<figure class=\"wp-block-image size-large\"><img fetchpriority=\"high\" decoding=\"async\" width=\"576\" height=\"1024\" src=\"https:\/\/mifavorita.com.pa\/2017\/wp-content\/uploads\/2022\/09\/df7cf729-92b7-4031-b537-4f657224ad96-576x1024.jpg\" class=\"wp-image-6303\" srcset=\"https:\/\/mifavorita.com.pa\/2017\/wp-content\/uploads\/2022\/09\/df7cf729-92b7-4031-b537-4f657224ad96-576x1024.jpg 576w, https:\/\/mifavorita.com.pa\/2017\/wp-content\/uploads\/2022\/09\/df7cf729-92b7-4031-b537-4f657224ad96-169x300.jpg 169w, https:\/\/mifavorita.com.pa\/2017\/wp-content\/uploads\/2022\/09\/df7cf729-92b7-4031-b537-4f657224ad96.jpg 720w\" sizes=\"(max-width: 576px) 100vw, 576px\" \/><\/figure>\n\n\n\n<p>En la actualidad se busca resaltar y rescatar la antigua fachada de esta importante obra, fundada el 12 de septiembre de 1942, tan solo un par de meses despu\u00e9s de la Biblioteca Nacional de Panam\u00e1.<\/p>\n\n\n\n<p>En el marco de celebraci\u00f3n de los 80 a\u00f1os de aniversario de fundaci\u00f3n de la Biblioteca P\u00fablica Galileo Pati\u00f1o de Ant\u00f3n, el Comit\u00e9 Pro Biblioteca Galileo Pati\u00f1o formado por personas de la comunidad organiz\u00f3 para esta celebraci\u00f3n una misa de Acci\u00f3n de Gracias, concursos de dibujo y pintura, concursos de oratoria y composici\u00f3n,  bajo el lema: \u201cC\u00f3mo incentivar la lectura en los ni\u00f1os y j\u00f3venes del siglo XXI\u201d.<\/p>\n\n\n\n<figure class=\"wp-block-image size-large\"><img decoding=\"async\" width=\"1024\" height=\"576\" src=\"https:\/\/mifavorita.com.pa\/2017\/wp-content\/uploads\/2022\/09\/e09dc0d3-5cb7-478d-846f-46a16ea5dfcf-1024x576.jpg\" class=\"wp-image-6304\" srcset=\"https:\/\/mifavorita.com.pa\/2017\/wp-content\/uploads\/2022\/09\/e09dc0d3-5cb7-478d-846f-46a16ea5dfcf-1024x576.jpg 1024w, https:\/\/mifavorita.com.pa\/2017\/wp-content\/uploads\/2022\/09\/e09dc0d3-5cb7-478d-846f-46a16ea5dfcf-300x169.jpg 300w, https:\/\/mifavorita.com.pa\/2017\/wp-content\/uploads\/2022\/09\/e09dc0d3-5cb7-478d-846f-46a16ea5dfcf-768x432.jpg 768w, https:\/\/mifavorita.com.pa\/2017\/wp-content\/uploads\/2022\/09\/e09dc0d3-5cb7-478d-846f-46a16ea5dfcf-1200x675.jpg 1200w, https:\/\/mifavorita.com.pa\/2017\/wp-content\/uploads\/2022\/09\/e09dc0d3-5cb7-478d-846f-46a16ea5dfcf.jpg 1280w\" sizes=\"(max-width: 1024px) 100vw, 1024px\" \/><\/figure>\n\n\n\n<p>El comit\u00e9 que preside&nbsp;&nbsp;Nilda Collado, promueve esta biblioteca como un espacio integral, hist\u00f3rico, regional y tur\u00edstico a trav\u00e9s de su futura restauraci\u00f3n y modificaci\u00f3n, que se gestiona con actividades como una cena de gala que se estar\u00e1 realizando el pr\u00f3ximo 17 de septiembre con el apoyo de los antonero.<\/p>\n\n\n\n<p>El Dr. Galileo Pati\u00f1o Samaniego, naci\u00f3 en Ant\u00f3n el 13 de abril de 1910 y muri\u00f3 en Ant\u00f3n el 13 de mayo de 1968, hijo de Alfredo Pati\u00f1o y Virginia Samaniego,&nbsp;&nbsp;fue maestro de ense\u00f1anza primaria, miembro fundador y director de la Biblioteca Nacional entre 1945 y 1953 y entre 1966 y 1968, adem\u00e1s de otras destacadas actividades en pro de la cultura y la educaci\u00f3n.<\/p>\n","protected":false},"excerpt":{"rendered":"<p>EDILSA GONZ\u00c1LEZ ROCA La primera biblioteca construida en el interior del pa\u00eds cumple hoy 12 de septiembre 80 a\u00f1os, se trata de la Biblioteca P\u00fablica de Ant\u00f3n Dr. Galileo Pati\u00f1o, fundada un d\u00eda como hoy, pero de 1942, obra del ilustre antonero por el cual lleva su nombre. La biblioteca comenz\u00f3 con su equipo inmobiliario [&hellip;]<\/p>\n","protected":false},"author":2,"featured_media":6302,"comment_status":"closed","ping_status":"open","sticky":false,"template":"","format":"standard","meta":{"footnotes":""},"categories":[1],"tags":[],"class_list":["post-6305","post","type-post","status-publish","format-standard","has-post-thumbnail","hentry","category-noticias"],"_links":{"self":[{"href":"https:\/\/mifavorita.com.pa\/2017\/wp-json\/wp\/v2\/posts\/6305","targetHints":{"allow":["GET"]}}],"collection":[{"href":"https:\/\/mifavorita.com.pa\/2017\/wp-json\/wp\/v2\/posts"}],"about":[{"href":"https:\/\/mifavorita.com.pa\/2017\/wp-json\/wp\/v2\/types\/post"}],"author":[{"embeddable":true,"href":"https:\/\/mifavorita.com.pa\/2017\/wp-json\/wp\/v2\/users\/2"}],"replies":[{"embeddable":true,"href":"https:\/\/mifavorita.com.pa\/2017\/wp-json\/wp\/v2\/comments?post=6305"}],"version-history":[{"count":1,"href":"https:\/\/mifavorita.com.pa\/2017\/wp-json\/wp\/v2\/posts\/6305\/revisions"}],"predecessor-version":[{"id":6306,"href":"https:\/\/mifavorita.com.pa\/2017\/wp-json\/wp\/v2\/posts\/6305\/revisions\/6306"}],"wp:featuredmedia":[{"embeddable":true,"href":"https:\/\/mifavorita.com.pa\/2017\/wp-json\/wp\/v2\/media\/6302"}],"wp:attachment":[{"href":"https:\/\/mifavorita.com.pa\/2017\/wp-json\/wp\/v2\/media?parent=6305"}],"wp:term":[{"taxonomy":"category","embeddable":true,"href":"https:\/\/mifavorita.com.pa\/2017\/wp-json\/wp\/v2\/categories?post=6305"},{"taxonomy":"post_tag","embeddable":true,"href":"https:\/\/mifavorita.com.pa\/2017\/wp-json\/wp\/v2\/tags?post=6305"}],"curies":[{"name":"wp","href":"https:\/\/api.w.org\/{rel}","templated":true}]}}