{"id":6311,"date":"2022-09-12T19:28:20","date_gmt":"2022-09-12T19:28:20","guid":{"rendered":"https:\/\/mifavorita.com.pa\/2017\/?p=6311"},"modified":"2022-09-12T19:28:21","modified_gmt":"2022-09-12T19:28:21","slug":"padres-de-familia-de-la-escuela-ruben-dario-en-penonome-exigen-a-empresa-constructora-culminar-obras","status":"publish","type":"post","link":"https:\/\/mifavorita.com.pa\/2017\/padres-de-familia-de-la-escuela-ruben-dario-en-penonome-exigen-a-empresa-constructora-culminar-obras\/","title":{"rendered":"PADRES DE FAMILIA DE LA ESCUELA RUB\u00c9N DAR\u00cdO EN PENONOM\u00c9 EXIGEN A EMPRESA CONSTRUCTORA CULMINAR OBRAS"},"content":{"rendered":"\n<p>DAMGELA DE LE\u00d3N<\/p>\n\n\n\n<p>Por m\u00e1s de dos horas, y por&nbsp;segunda ocasi\u00f3n, los padres de familia de la Escuela Biling\u00fce Rub\u00e9n Dar\u00edo Carles&nbsp;de Penonom\u00e9,&nbsp;cerraron la v\u00eda&nbsp;que conduce hacia el \u00e1rea norte,&nbsp;la ma\u00f1ana del lunes 12 de septiembre,&nbsp;como medida de presi\u00f3n ante la falta de respuesta de las autoridades&nbsp;educativas,&nbsp;y&nbsp;de la&nbsp;empresa encargada:&nbsp;Consorcio Cocl\u00e9,&nbsp;que desde hace m\u00e1s de&nbsp;4 a\u00f1os construye un muro de gaviones, que&nbsp;no ha sido terminado,&nbsp;convirti\u00e9ndose en un peligro para los estudiantes.&nbsp;<\/p>\n\n\n\n<p>La empresa constructora solicit\u00f3 una primera adenda hasta el 6 de septiembre de 2021 y una segunda que se venci\u00f3 el 30 de junio de 2022, sin embargo, los padres de familia indican que no esperar\u00e1n un a\u00f1o m\u00e1s, ya que sus acudidos corren gran peligro con esta obra sin terminar, ya que el espacio en donde se ubica el muro, es propenso a deslizamiento de tierras por su cercan\u00eda a una quebrada. <\/p>\n\n\n\n<figure class=\"wp-block-image size-large\"><img fetchpriority=\"high\" decoding=\"async\" width=\"768\" height=\"1024\" src=\"https:\/\/mifavorita.com.pa\/2017\/wp-content\/uploads\/2022\/09\/81d3f538-e72f-478e-9a0b-733043876526-768x1024.jpg\" class=\"wp-image-6308\" srcset=\"https:\/\/mifavorita.com.pa\/2017\/wp-content\/uploads\/2022\/09\/81d3f538-e72f-478e-9a0b-733043876526-768x1024.jpg 768w, https:\/\/mifavorita.com.pa\/2017\/wp-content\/uploads\/2022\/09\/81d3f538-e72f-478e-9a0b-733043876526-225x300.jpg 225w, https:\/\/mifavorita.com.pa\/2017\/wp-content\/uploads\/2022\/09\/81d3f538-e72f-478e-9a0b-733043876526-1152x1536.jpg 1152w, https:\/\/mifavorita.com.pa\/2017\/wp-content\/uploads\/2022\/09\/81d3f538-e72f-478e-9a0b-733043876526.jpg 1200w\" sizes=\"(max-width: 768px) 100vw, 768px\" \/><\/figure>\n\n\n\n<p>As\u00ed lo se\u00f1al\u00f3 Sonia Morales, vice presidenta de la Asociaci\u00f3n de Padres de Familia de la escuela,&nbsp;quien menciona que est\u00e1n cansados y molestos ante la falta derespuestas de las autoridades, agotando todos los medios correspondientes para que la empresa cumpla.&nbsp;<\/p>\n\n\n\n<p>La directora del plantel, Gladys Rodr\u00edguez, indic\u00f3 que la estructura de toda la escuela se encuentra deteriorada, y que,por motivos de seguridad desde inicio de a\u00f1o, los 461 estudiantes matriculados asisten de manera intercalada a recibir sus clases, ya que los salones cercanos a la construcci\u00f3n han quedado inhabilitados. <\/p>\n\n\n\n<figure class=\"wp-block-image size-large\"><img decoding=\"async\" width=\"1024\" height=\"768\" src=\"https:\/\/mifavorita.com.pa\/2017\/wp-content\/uploads\/2022\/09\/82989762-6b35-4f6c-9873-00f49ca4f907-1024x768.jpg\" class=\"wp-image-6309\" srcset=\"https:\/\/mifavorita.com.pa\/2017\/wp-content\/uploads\/2022\/09\/82989762-6b35-4f6c-9873-00f49ca4f907-1024x768.jpg 1024w, https:\/\/mifavorita.com.pa\/2017\/wp-content\/uploads\/2022\/09\/82989762-6b35-4f6c-9873-00f49ca4f907-300x225.jpg 300w, https:\/\/mifavorita.com.pa\/2017\/wp-content\/uploads\/2022\/09\/82989762-6b35-4f6c-9873-00f49ca4f907-768x576.jpg 768w, https:\/\/mifavorita.com.pa\/2017\/wp-content\/uploads\/2022\/09\/82989762-6b35-4f6c-9873-00f49ca4f907-1536x1152.jpg 1536w, https:\/\/mifavorita.com.pa\/2017\/wp-content\/uploads\/2022\/09\/82989762-6b35-4f6c-9873-00f49ca4f907-1200x900.jpg 1200w, https:\/\/mifavorita.com.pa\/2017\/wp-content\/uploads\/2022\/09\/82989762-6b35-4f6c-9873-00f49ca4f907.jpg 1600w\" sizes=\"(max-width: 1024px) 100vw, 1024px\" \/><\/figure>\n\n\n\n<p>El viernes 10 se realiz\u00f3 una reuni\u00f3n con el vice ministro acad\u00e9mico de educaci\u00f3n, Ariel Rodr\u00edguez, quien se comprometi\u00f3 a establecer comunicaci\u00f3n directa con la ministra Maruja Gorday, sin embargo, seg\u00fan los padres, se les aclar\u00f3 que no era garant\u00eda de una pronta soluci\u00f3n, por lo que ese mismo d\u00eda realizaron un&nbsp;piqueteo y advirtieron que las medidas seguir\u00e1n.&nbsp;<\/p>\n\n\n\n<p>Seg\u00fan Edilberto Caballero, padre de familia, la empresa irresponsablemente se ha demorado, empeorando la situaci\u00f3n del terreno, y que, seg\u00fan los encargados de la misma, el atraso se debe a que el MEDUCA no ha devengado el pago correspondiente.  <\/p>\n\n\n\n<figure class=\"wp-block-image size-large\"><img decoding=\"async\" width=\"768\" height=\"1024\" src=\"https:\/\/mifavorita.com.pa\/2017\/wp-content\/uploads\/2022\/09\/ffc5a1eb-c35e-4bc2-8224-998041693f7a-768x1024.jpg\" class=\"wp-image-6310\" srcset=\"https:\/\/mifavorita.com.pa\/2017\/wp-content\/uploads\/2022\/09\/ffc5a1eb-c35e-4bc2-8224-998041693f7a-768x1024.jpg 768w, https:\/\/mifavorita.com.pa\/2017\/wp-content\/uploads\/2022\/09\/ffc5a1eb-c35e-4bc2-8224-998041693f7a-225x300.jpg 225w, https:\/\/mifavorita.com.pa\/2017\/wp-content\/uploads\/2022\/09\/ffc5a1eb-c35e-4bc2-8224-998041693f7a-1152x1536.jpg 1152w, https:\/\/mifavorita.com.pa\/2017\/wp-content\/uploads\/2022\/09\/ffc5a1eb-c35e-4bc2-8224-998041693f7a.jpg 1200w\" sizes=\"(max-width: 768px) 100vw, 768px\" \/><\/figure>\n\n\n\n<p>La empresa ha solicitado una tercera adenda hasta junio del pr\u00f3ximo a\u00f1o para terminar el muro y un techado; este mismo consorcio est\u00e1 a cargo de trabajos similares en la Escuela Espa\u00f1a en Nat\u00e1 que tampoco han avanzado. El monto del proyecto supera el mill\u00f3n y medio de balboas.<\/p>\n","protected":false},"excerpt":{"rendered":"<p>DAMGELA DE LE\u00d3N Por m\u00e1s de dos horas, y por&nbsp;segunda ocasi\u00f3n, los padres de familia de la Escuela Biling\u00fce Rub\u00e9n Dar\u00edo Carles&nbsp;de Penonom\u00e9,&nbsp;cerraron la v\u00eda&nbsp;que conduce hacia el \u00e1rea norte,&nbsp;la ma\u00f1ana del lunes 12 de septiembre,&nbsp;como medida de presi\u00f3n ante la falta de respuesta de las autoridades&nbsp;educativas,&nbsp;y&nbsp;de la&nbsp;empresa encargada:&nbsp;Consorcio Cocl\u00e9,&nbsp;que desde hace m\u00e1s de&nbsp;4 a\u00f1os [&hellip;]<\/p>\n","protected":false},"author":2,"featured_media":6307,"comment_status":"closed","ping_status":"open","sticky":false,"template":"","format":"standard","meta":{"footnotes":""},"categories":[1],"tags":[],"class_list":["post-6311","post","type-post","status-publish","format-standard","has-post-thumbnail","hentry","category-noticias"],"_links":{"self":[{"href":"https:\/\/mifavorita.com.pa\/2017\/wp-json\/wp\/v2\/posts\/6311","targetHints":{"allow":["GET"]}}],"collection":[{"href":"https:\/\/mifavorita.com.pa\/2017\/wp-json\/wp\/v2\/posts"}],"about":[{"href":"https:\/\/mifavorita.com.pa\/2017\/wp-json\/wp\/v2\/types\/post"}],"author":[{"embeddable":true,"href":"https:\/\/mifavorita.com.pa\/2017\/wp-json\/wp\/v2\/users\/2"}],"replies":[{"embeddable":true,"href":"https:\/\/mifavorita.com.pa\/2017\/wp-json\/wp\/v2\/comments?post=6311"}],"version-history":[{"count":1,"href":"https:\/\/mifavorita.com.pa\/2017\/wp-json\/wp\/v2\/posts\/6311\/revisions"}],"predecessor-version":[{"id":6312,"href":"https:\/\/mifavorita.com.pa\/2017\/wp-json\/wp\/v2\/posts\/6311\/revisions\/6312"}],"wp:featuredmedia":[{"embeddable":true,"href":"https:\/\/mifavorita.com.pa\/2017\/wp-json\/wp\/v2\/media\/6307"}],"wp:attachment":[{"href":"https:\/\/mifavorita.com.pa\/2017\/wp-json\/wp\/v2\/media?parent=6311"}],"wp:term":[{"taxonomy":"category","embeddable":true,"href":"https:\/\/mifavorita.com.pa\/2017\/wp-json\/wp\/v2\/categories?post=6311"},{"taxonomy":"post_tag","embeddable":true,"href":"https:\/\/mifavorita.com.pa\/2017\/wp-json\/wp\/v2\/tags?post=6311"}],"curies":[{"name":"wp","href":"https:\/\/api.w.org\/{rel}","templated":true}]}}