{"id":6315,"date":"2022-09-12T22:26:53","date_gmt":"2022-09-12T22:26:53","guid":{"rendered":"https:\/\/mifavorita.com.pa\/2017\/?p=6315"},"modified":"2022-09-12T22:26:54","modified_gmt":"2022-09-12T22:26:54","slug":"lluvias-causan-afectaciones-en-nata","status":"publish","type":"post","link":"https:\/\/mifavorita.com.pa\/2017\/lluvias-causan-afectaciones-en-nata\/","title":{"rendered":"LLUVIAS CAUSAN AFECTACIONES EN NAT\u00c1"},"content":{"rendered":"\n<p>DAR\u00cdO FERN\u00c1NDEZ ALZAMORA <\/p>\n\n\n\n<p>La carretera panamericana tuvo que ser cerrada parcialmente debido a la crecida del r\u00edo Chico, lo que ocasion\u00f3 que el tr\u00e1fico vehicular se viera afectado la noche de este domingo 11 de septiembre, generando un gran congestionamiento vehicular en la carretera internacional.<\/p>\n\n\n\n<p><br>Al lugar llegaron funcionarios del Sistema Nacional de Protecci\u00f3n Civil, quienes alertados por parte de unidades de la Direcci\u00f3n Nacional de Operaciones de Tr\u00e1nsito, acudieron para garantizar la seguridad de los conductores que transitaban por la zona.<br>En tanto que en la comunidad de Quije, al menos 4 viviendas se vieron afectadas por la crecida del r\u00edo Co, y en el sector de Canoa se reportaron viviendas amenazas por posibles deslizamientos de tierra.<\/p>\n\n\n\n<figure class=\"wp-block-image size-large\"><img fetchpriority=\"high\" decoding=\"async\" width=\"1024\" height=\"550\" src=\"https:\/\/mifavorita.com.pa\/2017\/wp-content\/uploads\/2022\/09\/img_5847-1024x550.jpg\" class=\"wp-image-6314\" srcset=\"https:\/\/mifavorita.com.pa\/2017\/wp-content\/uploads\/2022\/09\/img_5847-1024x550.jpg 1024w, https:\/\/mifavorita.com.pa\/2017\/wp-content\/uploads\/2022\/09\/img_5847-300x161.jpg 300w, https:\/\/mifavorita.com.pa\/2017\/wp-content\/uploads\/2022\/09\/img_5847-768x412.jpg 768w, https:\/\/mifavorita.com.pa\/2017\/wp-content\/uploads\/2022\/09\/img_5847.jpg 1170w\" sizes=\"(max-width: 1024px) 100vw, 1024px\" \/><\/figure>\n\n\n\n<p><br>En la comunidad de Guayabital de Nat\u00e1, un vado se vio rebasado por las aguas, por lo que sus habitantes temen que haya sido da\u00f1ado por la creciente, al igual que otro vado ubicado en El Campanario.<\/p>\n\n\n\n<p><br>Desde ambas comunidades les hacen el llamado a las autoridades para que inspeccionen las dos estructuras, a fin de determinar si se produjo alg\u00fan tipo de afectaci\u00f3n, ya que son utilizadas por los estudiantes y residentes de esos lugares.<\/p>\n\n\n\n<p><br>Al momento de redactar esta nota, a\u00fan no se ten\u00eda un informe detallado por parte de las autoridades en cuanto a la magnitud de las afectaciones, ya que al lugar se trasladaron funcionarios del SINAPROC, MIVIOT y la Junta Comunal para conocer el alcance de las mismas.<\/p>\n","protected":false},"excerpt":{"rendered":"<p>DAR\u00cdO FERN\u00c1NDEZ ALZAMORA La carretera panamericana tuvo que ser cerrada parcialmente debido a la crecida del r\u00edo Chico, lo que ocasion\u00f3 que el tr\u00e1fico vehicular se viera afectado la noche de este domingo 11 de septiembre, generando un gran congestionamiento vehicular en la carretera internacional. Al lugar llegaron funcionarios del Sistema Nacional de Protecci\u00f3n Civil, [&hellip;]<\/p>\n","protected":false},"author":2,"featured_media":6313,"comment_status":"closed","ping_status":"open","sticky":false,"template":"","format":"standard","meta":{"footnotes":""},"categories":[1],"tags":[],"class_list":["post-6315","post","type-post","status-publish","format-standard","has-post-thumbnail","hentry","category-noticias"],"_links":{"self":[{"href":"https:\/\/mifavorita.com.pa\/2017\/wp-json\/wp\/v2\/posts\/6315","targetHints":{"allow":["GET"]}}],"collection":[{"href":"https:\/\/mifavorita.com.pa\/2017\/wp-json\/wp\/v2\/posts"}],"about":[{"href":"https:\/\/mifavorita.com.pa\/2017\/wp-json\/wp\/v2\/types\/post"}],"author":[{"embeddable":true,"href":"https:\/\/mifavorita.com.pa\/2017\/wp-json\/wp\/v2\/users\/2"}],"replies":[{"embeddable":true,"href":"https:\/\/mifavorita.com.pa\/2017\/wp-json\/wp\/v2\/comments?post=6315"}],"version-history":[{"count":1,"href":"https:\/\/mifavorita.com.pa\/2017\/wp-json\/wp\/v2\/posts\/6315\/revisions"}],"predecessor-version":[{"id":6316,"href":"https:\/\/mifavorita.com.pa\/2017\/wp-json\/wp\/v2\/posts\/6315\/revisions\/6316"}],"wp:featuredmedia":[{"embeddable":true,"href":"https:\/\/mifavorita.com.pa\/2017\/wp-json\/wp\/v2\/media\/6313"}],"wp:attachment":[{"href":"https:\/\/mifavorita.com.pa\/2017\/wp-json\/wp\/v2\/media?parent=6315"}],"wp:term":[{"taxonomy":"category","embeddable":true,"href":"https:\/\/mifavorita.com.pa\/2017\/wp-json\/wp\/v2\/categories?post=6315"},{"taxonomy":"post_tag","embeddable":true,"href":"https:\/\/mifavorita.com.pa\/2017\/wp-json\/wp\/v2\/tags?post=6315"}],"curies":[{"name":"wp","href":"https:\/\/api.w.org\/{rel}","templated":true}]}}