{"id":6320,"date":"2022-09-13T18:56:13","date_gmt":"2022-09-13T18:56:13","guid":{"rendered":"https:\/\/mifavorita.com.pa\/2017\/?p=6320"},"modified":"2022-09-13T18:56:15","modified_gmt":"2022-09-13T18:56:15","slug":"quije-es-area-vulnerable-a-deslizamientos-e-inundaciones","status":"publish","type":"post","link":"https:\/\/mifavorita.com.pa\/2017\/quije-es-area-vulnerable-a-deslizamientos-e-inundaciones\/","title":{"rendered":"Quije es \u00e1rea vulnerable a deslizamientos e inundaciones"},"content":{"rendered":"\n<p>EDILSA GONZ\u00c1LEZ ROCA<\/p>\n\n\n\n<p>COCL\u00c9.<\/p>\n\n\n\n<p>Como zona de vulnerabilidad y alto riesgo de inundaci\u00f3n y deslizamientos, podr\u00eda ser declarada la comunidad de Quije, en el corregimiento de Huacas, distrito de Nat\u00e1, esto luego de la evaluaci\u00f3n de da\u00f1os realizada por personal t\u00e9cnico del Sistema Nacional de Protecci\u00f3n Civil que atendi\u00f3 los efectos causados por las crecidas del r\u00edo Chico y r\u00edo Co, el pasado domingo.<\/p>\n\n\n\n<p>En total cuatro viviendas fueron afectadas, tres por deslizamientos y otras cuatro en las que el r\u00edo entr\u00f3 mojando enseres, ropa y \u00fatiles escolares, siendo esta la segunda vez en esta temporada lluviosa que se registran da\u00f1os de tal magnitud por lo que se verific\u00f3 el riesgo en esta poblaci\u00f3n.<\/p>\n\n\n\n<figure class=\"wp-block-image size-large\"><img fetchpriority=\"high\" decoding=\"async\" width=\"1024\" height=\"576\" src=\"https:\/\/mifavorita.com.pa\/2017\/wp-content\/uploads\/2022\/09\/e9cd6371-0f4b-40f6-9a65-ca193fd693cb-1024x576.jpg\" class=\"wp-image-6318\" srcset=\"https:\/\/mifavorita.com.pa\/2017\/wp-content\/uploads\/2022\/09\/e9cd6371-0f4b-40f6-9a65-ca193fd693cb-1024x576.jpg 1024w, https:\/\/mifavorita.com.pa\/2017\/wp-content\/uploads\/2022\/09\/e9cd6371-0f4b-40f6-9a65-ca193fd693cb-300x169.jpg 300w, https:\/\/mifavorita.com.pa\/2017\/wp-content\/uploads\/2022\/09\/e9cd6371-0f4b-40f6-9a65-ca193fd693cb-768x432.jpg 768w, https:\/\/mifavorita.com.pa\/2017\/wp-content\/uploads\/2022\/09\/e9cd6371-0f4b-40f6-9a65-ca193fd693cb-1536x864.jpg 1536w, https:\/\/mifavorita.com.pa\/2017\/wp-content\/uploads\/2022\/09\/e9cd6371-0f4b-40f6-9a65-ca193fd693cb-1200x675.jpg 1200w, https:\/\/mifavorita.com.pa\/2017\/wp-content\/uploads\/2022\/09\/e9cd6371-0f4b-40f6-9a65-ca193fd693cb.jpg 1600w\" sizes=\"(max-width: 1024px) 100vw, 1024px\" \/><\/figure>\n\n\n\n<p>Manuel G\u00f3mez, director regional del Sistema Nacional de Protecci\u00f3n Civil, se\u00f1al\u00f3 que las fuertes lluvias y la saturaci\u00f3n del suelo provocaron deslizamientos e inundaciones que afectaron a siete familias esta vez, pero que tambi\u00e9n hay otras en riesgo.<\/p>\n\n\n\n<p>Martha Concepci\u00f3n, representante suplente del corregimiento de Huacas, indic\u00f3 que le preocupa la situaci\u00f3n de vulnerabilidad en que se encuentran las familias de Quije, sobre todo porque muchos de ellos no tienen otro lugar donde vivir y no tienen c\u00f3mo conseguir un terreno para reubicarlos.<\/p>\n\n\n\n<figure class=\"wp-block-image size-large\"><img decoding=\"async\" width=\"1024\" height=\"472\" src=\"https:\/\/mifavorita.com.pa\/2017\/wp-content\/uploads\/2022\/09\/b0728b1a-9a68-4cbd-ae2e-9defdf42066f-1024x472.jpg\" class=\"wp-image-6319\" srcset=\"https:\/\/mifavorita.com.pa\/2017\/wp-content\/uploads\/2022\/09\/b0728b1a-9a68-4cbd-ae2e-9defdf42066f-1024x472.jpg 1024w, https:\/\/mifavorita.com.pa\/2017\/wp-content\/uploads\/2022\/09\/b0728b1a-9a68-4cbd-ae2e-9defdf42066f-300x138.jpg 300w, https:\/\/mifavorita.com.pa\/2017\/wp-content\/uploads\/2022\/09\/b0728b1a-9a68-4cbd-ae2e-9defdf42066f-768x354.jpg 768w, https:\/\/mifavorita.com.pa\/2017\/wp-content\/uploads\/2022\/09\/b0728b1a-9a68-4cbd-ae2e-9defdf42066f-1536x708.jpg 1536w, https:\/\/mifavorita.com.pa\/2017\/wp-content\/uploads\/2022\/09\/b0728b1a-9a68-4cbd-ae2e-9defdf42066f-1200x553.jpg 1200w, https:\/\/mifavorita.com.pa\/2017\/wp-content\/uploads\/2022\/09\/b0728b1a-9a68-4cbd-ae2e-9defdf42066f.jpg 1600w\" sizes=\"(max-width: 1024px) 100vw, 1024px\" \/><\/figure>\n\n\n\n<p>Funcionarios del Ministerio de Vivienda acudieron al lugar para hacer las evaluaciones correspondientes, pero seg\u00fan la edil por ahora solo se le dieron los requisitos que deben cumplir para que la entidad le construya una vivienda, el tema es que las familias no tienen m\u00e1s tierras por lo que pide ayuda para evitar que se registre una desgracia puesto que las lluvias van a continuar.<\/p>\n\n\n\n<p>Se espera que esta misma semana el Sinaproc presente ante el Concejo Municipal de Nat\u00e1 un informe en el que se declare el \u00e1rea de Quije y R\u00edo Co como de alto riesgo de inundaciones y deslizamientos.<\/p>\n","protected":false},"excerpt":{"rendered":"<p>EDILSA GONZ\u00c1LEZ ROCA COCL\u00c9. Como zona de vulnerabilidad y alto riesgo de inundaci\u00f3n y deslizamientos, podr\u00eda ser declarada la comunidad de Quije, en el corregimiento de Huacas, distrito de Nat\u00e1, esto luego de la evaluaci\u00f3n de da\u00f1os realizada por personal t\u00e9cnico del Sistema Nacional de Protecci\u00f3n Civil que atendi\u00f3 los efectos causados por las crecidas [&hellip;]<\/p>\n","protected":false},"author":2,"featured_media":6317,"comment_status":"closed","ping_status":"open","sticky":false,"template":"","format":"standard","meta":{"footnotes":""},"categories":[1],"tags":[],"class_list":["post-6320","post","type-post","status-publish","format-standard","has-post-thumbnail","hentry","category-noticias"],"_links":{"self":[{"href":"https:\/\/mifavorita.com.pa\/2017\/wp-json\/wp\/v2\/posts\/6320","targetHints":{"allow":["GET"]}}],"collection":[{"href":"https:\/\/mifavorita.com.pa\/2017\/wp-json\/wp\/v2\/posts"}],"about":[{"href":"https:\/\/mifavorita.com.pa\/2017\/wp-json\/wp\/v2\/types\/post"}],"author":[{"embeddable":true,"href":"https:\/\/mifavorita.com.pa\/2017\/wp-json\/wp\/v2\/users\/2"}],"replies":[{"embeddable":true,"href":"https:\/\/mifavorita.com.pa\/2017\/wp-json\/wp\/v2\/comments?post=6320"}],"version-history":[{"count":1,"href":"https:\/\/mifavorita.com.pa\/2017\/wp-json\/wp\/v2\/posts\/6320\/revisions"}],"predecessor-version":[{"id":6321,"href":"https:\/\/mifavorita.com.pa\/2017\/wp-json\/wp\/v2\/posts\/6320\/revisions\/6321"}],"wp:featuredmedia":[{"embeddable":true,"href":"https:\/\/mifavorita.com.pa\/2017\/wp-json\/wp\/v2\/media\/6317"}],"wp:attachment":[{"href":"https:\/\/mifavorita.com.pa\/2017\/wp-json\/wp\/v2\/media?parent=6320"}],"wp:term":[{"taxonomy":"category","embeddable":true,"href":"https:\/\/mifavorita.com.pa\/2017\/wp-json\/wp\/v2\/categories?post=6320"},{"taxonomy":"post_tag","embeddable":true,"href":"https:\/\/mifavorita.com.pa\/2017\/wp-json\/wp\/v2\/tags?post=6320"}],"curies":[{"name":"wp","href":"https:\/\/api.w.org\/{rel}","templated":true}]}}