{"id":6329,"date":"2022-09-14T21:46:16","date_gmt":"2022-09-14T21:46:16","guid":{"rendered":"https:\/\/mifavorita.com.pa\/2017\/?p=6329"},"modified":"2022-09-15T01:44:46","modified_gmt":"2022-09-15T01:44:46","slug":"policlinica-de-penonome-anuncia-novedades-en-la-atencion-a-los-usuarios","status":"publish","type":"post","link":"https:\/\/mifavorita.com.pa\/2017\/policlinica-de-penonome-anuncia-novedades-en-la-atencion-a-los-usuarios\/","title":{"rendered":"POLICL\u00cdNICA DE PENONOM\u00c9 ANUNCIA NOVEDADES EN LA ATENCI\u00d3N A LOS USUARIOS"},"content":{"rendered":"\n<p>DAMGELA DE LE\u00d3N <\/p>\n\n\n\n<p>Desde el 14 al 16 de septiembre del presente a\u00f1o,&nbsp;los&nbsp;equipos de radiolog\u00eda de la Policl\u00ednica Manuel Paulino Oca\u00f1a de Penonom\u00e9, ser\u00e1n sometidos a un proceso de modernizaci\u00f3n, lo que impedir\u00e1 la atenci\u00f3n a los pacientes que requieran de esta especialidad. Esta medida es parte de las nuevas estrategias que implementa la instituci\u00f3n para mejorar la atenci\u00f3n a los m\u00e1s de 200 mil usuarios que acuden a esta instituci\u00f3n, entre ellos, unos 150 mil asegurados.&nbsp;<\/p>\n\n\n\n<p>As\u00ed lo se\u00f1al\u00f3 Mar\u00eda Del Rosario Morales, directora m\u00e9dica de esta Policl\u00ednica, quien agreg\u00f3 que a pesar de que las instalaciones necesitan mejor\u00eda, todo el personal se encuentra comprometido con los cambios que se llevan a cabo, como, por ejemplo, el servicio los 7 d\u00edas de la semana y a cualquier hora de la ambulancia, esto desde el 1 de agosto, al igual que la atenci\u00f3n de nuevas especialidades como Urolog\u00eda, Dermatolog\u00eda, Hematolog\u00eda y la Cl\u00ednica de Trauma en el Servicio de Ortopedia. <\/p>\n\n\n\n<figure class=\"wp-block-image size-large\"><img fetchpriority=\"high\" decoding=\"async\" width=\"300\" height=\"272\" src=\"https:\/\/mifavorita.com.pa\/2017\/wp-content\/uploads\/2022\/09\/img_6004-300x272.jpg\" alt=\"\" class=\"wp-image-6328\" srcset=\"https:\/\/mifavorita.com.pa\/2017\/wp-content\/uploads\/2022\/09\/img_6004-300x272.jpg 300w, https:\/\/mifavorita.com.pa\/2017\/wp-content\/uploads\/2022\/09\/img_6004.jpg 711w\" sizes=\"(max-width: 300px) 100vw, 300px\" \/><figcaption class=\"wp-element-caption\">Mar\u00eda Del Rosario Morales, Directora M\u00e9dica de Policl\u00ednica de Penonom\u00e9 <\/figcaption><\/figure>\n\n\n\n<p>La directora m\u00e9dica tambi\u00e9n mencion\u00f3 que, en busca de agilizar el diagn\u00f3stico a pacientes con s\u00edntomas respiratorios, y a&nbsp;los que se les realiza&nbsp;la&nbsp;prueba PCR&nbsp;para detecci\u00f3n de Covid-19, desde el 7 de septiembre,&nbsp;el laboratorio de la Policl\u00ednica cuenta con los implementos necesarios para analizar las muestras sin salir de las instalaciones y obteniendo resultados en 24 horas, ya que antes deb\u00edan ser trasladadas hasta el Hospital Rafael Est\u00e9vez de Aguadulce para ser examinadas.&nbsp;<\/p>\n\n\n\n<p>Adem\u00e1s, Morales dijo que esperan que la empresa que gan\u00f3 la licitaci\u00f3n para retomar la construcci\u00f3n de la nueva Policl\u00ednica, prontamente env\u00ede al equipo de arquitectos encargados para agilizar este proyecto de suma necesidad para toda la poblaci\u00f3n coclesana.<\/p>\n","protected":false},"excerpt":{"rendered":"<p>DAMGELA DE LE\u00d3N Desde el 14 al 16 de septiembre del presente a\u00f1o,&nbsp;los&nbsp;equipos de radiolog\u00eda de la Policl\u00ednica Manuel Paulino Oca\u00f1a de Penonom\u00e9, ser\u00e1n sometidos a un proceso de modernizaci\u00f3n, lo que impedir\u00e1 la atenci\u00f3n a los pacientes que requieran de esta especialidad. Esta medida es parte de las nuevas estrategias que implementa la instituci\u00f3n [&hellip;]<\/p>\n","protected":false},"author":2,"featured_media":6327,"comment_status":"closed","ping_status":"open","sticky":false,"template":"","format":"standard","meta":{"footnotes":""},"categories":[1],"tags":[],"class_list":["post-6329","post","type-post","status-publish","format-standard","has-post-thumbnail","hentry","category-noticias"],"_links":{"self":[{"href":"https:\/\/mifavorita.com.pa\/2017\/wp-json\/wp\/v2\/posts\/6329","targetHints":{"allow":["GET"]}}],"collection":[{"href":"https:\/\/mifavorita.com.pa\/2017\/wp-json\/wp\/v2\/posts"}],"about":[{"href":"https:\/\/mifavorita.com.pa\/2017\/wp-json\/wp\/v2\/types\/post"}],"author":[{"embeddable":true,"href":"https:\/\/mifavorita.com.pa\/2017\/wp-json\/wp\/v2\/users\/2"}],"replies":[{"embeddable":true,"href":"https:\/\/mifavorita.com.pa\/2017\/wp-json\/wp\/v2\/comments?post=6329"}],"version-history":[{"count":4,"href":"https:\/\/mifavorita.com.pa\/2017\/wp-json\/wp\/v2\/posts\/6329\/revisions"}],"predecessor-version":[{"id":6340,"href":"https:\/\/mifavorita.com.pa\/2017\/wp-json\/wp\/v2\/posts\/6329\/revisions\/6340"}],"wp:featuredmedia":[{"embeddable":true,"href":"https:\/\/mifavorita.com.pa\/2017\/wp-json\/wp\/v2\/media\/6327"}],"wp:attachment":[{"href":"https:\/\/mifavorita.com.pa\/2017\/wp-json\/wp\/v2\/media?parent=6329"}],"wp:term":[{"taxonomy":"category","embeddable":true,"href":"https:\/\/mifavorita.com.pa\/2017\/wp-json\/wp\/v2\/categories?post=6329"},{"taxonomy":"post_tag","embeddable":true,"href":"https:\/\/mifavorita.com.pa\/2017\/wp-json\/wp\/v2\/tags?post=6329"}],"curies":[{"name":"wp","href":"https:\/\/api.w.org\/{rel}","templated":true}]}}