{"id":6333,"date":"2022-09-14T22:05:25","date_gmt":"2022-09-14T22:05:25","guid":{"rendered":"https:\/\/mifavorita.com.pa\/2017\/?p=6333"},"modified":"2022-09-14T22:05:26","modified_gmt":"2022-09-14T22:05:26","slug":"promtour-se-reune-con-empresarios-de-turismo-y-autoridades-de-cocle","status":"publish","type":"post","link":"https:\/\/mifavorita.com.pa\/2017\/promtour-se-reune-con-empresarios-de-turismo-y-autoridades-de-cocle\/","title":{"rendered":"PROMTOUR SE RE\u00daNE CON EMPRESARIOS DE TURISMO Y AUTORIDADES DE COCL\u00c9"},"content":{"rendered":"\n<p>DAMGELA DE LE\u00d3N<a><\/a><\/p>\n\n\n\n<p>Para intercambiar ideas y conocer la oferta tur\u00edstica que ofrece la provincia de Cocl\u00e9, el grupo PromTour, encargado del mercadeo&nbsp;tur\u00edstico&nbsp;internacional&nbsp;de&nbsp;Panam\u00e1, realiz\u00f3 una reuni\u00f3n este mi\u00e9rcoles 14 de septiembre con representantes de empresas y asociaciones que tengan que ver con productos o servicios atractivos para visitantes en la regi\u00f3n, al igual que con autoridades de estas localidades.&nbsp;<\/p>\n\n\n\n<p>PromTour es una agrupaci\u00f3n p\u00fablico-privada que, junto con la Autoridad de Turismo de Panam\u00e1, intenta dar visibilidad al pa\u00eds en Estados Unidos, Europa y Am\u00e9rica Central, a trav\u00e9s de un cat\u00e1logo de opciones dentro de sus redes sociales y la p\u00e1gina web VisitPanama.com. Esta estrategia es parte del plan maestro de turismo 2020-2025 de la ATP.<\/p>\n\n\n\n<figure class=\"wp-block-image size-large\"><img decoding=\"async\" src=\"file:\/\/\/var\/mobile\/Containers\/Data\/Application\/31A063BD-8E1D-449D-BAAA-C3A58FC993EB\/Library\/Caches\/Media\/thumbnail-p2854-2532x2532.jpeg\" class=\"wp-image--1205571290\"\/><\/figure>\n\n\n\n<p>As\u00ed lo se\u00f1al\u00f3 Fernando&nbsp;Fondevila, representante de este grupo, quien explic\u00f3 que para ellos es necesario entablar estas giras de reconocimiento y retroalimentaci\u00f3n paramejorar la promoci\u00f3n del pa\u00eds, ya que es una organizaci\u00f3n nueva que lleva s\u00f3lo 20 meses en operaci\u00f3n. Tambi\u00e9n, que se est\u00e1 elaborando un directorio de promoci\u00f3n local para poder incluir nuevas empresas en el plan de mercadeo.&nbsp;<\/p>\n\n\n\n<p>Fondevilla&nbsp;tambi\u00e9n mencion\u00f3 que la p\u00e1gina VisitPanama.com recibe mensualmente 95 mil visitas, y posee una inversi\u00f3n de 5 millones de d\u00f3lares, por lo que esta busca atraer a m\u00e1s de 550 millones de posibles visitantes a regiones como Cocl\u00e9.<\/p>\n\n\n\n<p>Desde octubre de este a\u00f1o, PromTour espera lanzar el slogan \u201cPanam\u00e1 vive por m\u00e1s\u201d, que ser\u00e1 la primera marca tur\u00edstica con que cuente el pa\u00eds, y que consistir\u00e1 en una plataforma digital que atraiga a m\u00e1s viajeros con prop\u00f3sito y consientes.<\/p>\n","protected":false},"excerpt":{"rendered":"<p>DAMGELA DE LE\u00d3N Para intercambiar ideas y conocer la oferta tur\u00edstica que ofrece la provincia de Cocl\u00e9, el grupo PromTour, encargado del mercadeo&nbsp;tur\u00edstico&nbsp;internacional&nbsp;de&nbsp;Panam\u00e1, realiz\u00f3 una reuni\u00f3n este mi\u00e9rcoles 14 de septiembre con representantes de empresas y asociaciones que tengan que ver con productos o servicios atractivos para visitantes en la regi\u00f3n, al igual que con [&hellip;]<\/p>\n","protected":false},"author":2,"featured_media":6331,"comment_status":"closed","ping_status":"open","sticky":false,"template":"","format":"standard","meta":{"footnotes":""},"categories":[1],"tags":[],"class_list":["post-6333","post","type-post","status-publish","format-standard","has-post-thumbnail","hentry","category-noticias"],"_links":{"self":[{"href":"https:\/\/mifavorita.com.pa\/2017\/wp-json\/wp\/v2\/posts\/6333","targetHints":{"allow":["GET"]}}],"collection":[{"href":"https:\/\/mifavorita.com.pa\/2017\/wp-json\/wp\/v2\/posts"}],"about":[{"href":"https:\/\/mifavorita.com.pa\/2017\/wp-json\/wp\/v2\/types\/post"}],"author":[{"embeddable":true,"href":"https:\/\/mifavorita.com.pa\/2017\/wp-json\/wp\/v2\/users\/2"}],"replies":[{"embeddable":true,"href":"https:\/\/mifavorita.com.pa\/2017\/wp-json\/wp\/v2\/comments?post=6333"}],"version-history":[{"count":1,"href":"https:\/\/mifavorita.com.pa\/2017\/wp-json\/wp\/v2\/posts\/6333\/revisions"}],"predecessor-version":[{"id":6334,"href":"https:\/\/mifavorita.com.pa\/2017\/wp-json\/wp\/v2\/posts\/6333\/revisions\/6334"}],"wp:featuredmedia":[{"embeddable":true,"href":"https:\/\/mifavorita.com.pa\/2017\/wp-json\/wp\/v2\/media\/6331"}],"wp:attachment":[{"href":"https:\/\/mifavorita.com.pa\/2017\/wp-json\/wp\/v2\/media?parent=6333"}],"wp:term":[{"taxonomy":"category","embeddable":true,"href":"https:\/\/mifavorita.com.pa\/2017\/wp-json\/wp\/v2\/categories?post=6333"},{"taxonomy":"post_tag","embeddable":true,"href":"https:\/\/mifavorita.com.pa\/2017\/wp-json\/wp\/v2\/tags?post=6333"}],"curies":[{"name":"wp","href":"https:\/\/api.w.org\/{rel}","templated":true}]}}