{"id":6336,"date":"2022-09-15T00:12:53","date_gmt":"2022-09-15T00:12:53","guid":{"rendered":"https:\/\/mifavorita.com.pa\/2017\/?p=6336"},"modified":"2022-09-15T00:12:54","modified_gmt":"2022-09-15T00:12:54","slug":"tasa-de-aseo-aumentara-en-2023-en-penonome","status":"publish","type":"post","link":"https:\/\/mifavorita.com.pa\/2017\/tasa-de-aseo-aumentara-en-2023-en-penonome\/","title":{"rendered":"Tasa de aseo aumentar\u00e1 en 2023 en Penonom\u00e9"},"content":{"rendered":"\n<p>EDILSA GONZALEZ ROCA<\/p>\n\n\n\n<p>A partir de enero del a\u00f1o 2023 la tasa del servicio de recolecci\u00f3n de basura aumentar\u00e1 en Penonom\u00e9 de 3 a 5 d\u00f3lares, esto debido al aumento en todos los rubros requeridos para mantener un servicio constante y eficiente a la poblaci\u00f3n, as\u00ed lo afirm\u00f3 la alcaldesa de este distrito, Paula Gonz\u00e1lez.<\/p>\n\n\n\n<p>Seg\u00fan Gonz\u00e1lez no es que su administraci\u00f3n aumente como tal el servicio, sino que se va a aplicar lo que establece el r\u00e9gimen impositivo vigente desde el 2014 y que indica que la tasa de aseo en Penonom\u00e9 es de 5 d\u00f3lares y que desconoce porque no se hab\u00eda aplicado.<\/p>\n\n\n\n<p>La alcaldesa asegur\u00f3 que esa misma tarifa se cobrar\u00e1 en sectores como los llanos de Cocl\u00e9, de donde ha escuchado quejas de la poblaci\u00f3n por la tarifa de 5 d\u00f3lares, pero deben comprender que brindar un servicio regular hasta esos sectores alejados del centro de la ciudad genera un gasto mayor.<\/p>\n\n\n\n<p>Sustent\u00f3 la aplicaci\u00f3n del impuesto establecido en el r\u00e9gimen impositivo de 2014 a la basura se\u00f1alando que para poder cubrir todas las rutas los trabajadores laboran hasta las ocho o nueve de la noche, el aumento del combustible, de las piezas de los veh\u00edculos y su mantenimiento, al igual que ha aumentado el costo de horas m\u00e1quinas para el mantenimiento del vertedero.<\/p>\n\n\n\n<p>Se inform\u00f3 adem\u00e1s que debido a algunas quejas por la aplicaci\u00f3n de cobros a impuestos que est\u00e1n registrador dentro del r\u00e9gimen impositivo con la categor\u00eda de otros y genera duras a los contribuyentes, se estar\u00e1 pasando al Concejo Municipal un acuerdo que dar\u00e1 nombre y apellido a cada de estos rubros sin aumentar el costo que tiene la categor\u00eda de otros.<\/p>\n","protected":false},"excerpt":{"rendered":"<p>EDILSA GONZALEZ ROCA A partir de enero del a\u00f1o 2023 la tasa del servicio de recolecci\u00f3n de basura aumentar\u00e1 en Penonom\u00e9 de 3 a 5 d\u00f3lares, esto debido al aumento en todos los rubros requeridos para mantener un servicio constante y eficiente a la poblaci\u00f3n, as\u00ed lo afirm\u00f3 la alcaldesa de este distrito, Paula Gonz\u00e1lez. [&hellip;]<\/p>\n","protected":false},"author":2,"featured_media":6335,"comment_status":"closed","ping_status":"open","sticky":false,"template":"","format":"standard","meta":{"footnotes":""},"categories":[1],"tags":[],"class_list":["post-6336","post","type-post","status-publish","format-standard","has-post-thumbnail","hentry","category-noticias"],"_links":{"self":[{"href":"https:\/\/mifavorita.com.pa\/2017\/wp-json\/wp\/v2\/posts\/6336","targetHints":{"allow":["GET"]}}],"collection":[{"href":"https:\/\/mifavorita.com.pa\/2017\/wp-json\/wp\/v2\/posts"}],"about":[{"href":"https:\/\/mifavorita.com.pa\/2017\/wp-json\/wp\/v2\/types\/post"}],"author":[{"embeddable":true,"href":"https:\/\/mifavorita.com.pa\/2017\/wp-json\/wp\/v2\/users\/2"}],"replies":[{"embeddable":true,"href":"https:\/\/mifavorita.com.pa\/2017\/wp-json\/wp\/v2\/comments?post=6336"}],"version-history":[{"count":1,"href":"https:\/\/mifavorita.com.pa\/2017\/wp-json\/wp\/v2\/posts\/6336\/revisions"}],"predecessor-version":[{"id":6337,"href":"https:\/\/mifavorita.com.pa\/2017\/wp-json\/wp\/v2\/posts\/6336\/revisions\/6337"}],"wp:featuredmedia":[{"embeddable":true,"href":"https:\/\/mifavorita.com.pa\/2017\/wp-json\/wp\/v2\/media\/6335"}],"wp:attachment":[{"href":"https:\/\/mifavorita.com.pa\/2017\/wp-json\/wp\/v2\/media?parent=6336"}],"wp:term":[{"taxonomy":"category","embeddable":true,"href":"https:\/\/mifavorita.com.pa\/2017\/wp-json\/wp\/v2\/categories?post=6336"},{"taxonomy":"post_tag","embeddable":true,"href":"https:\/\/mifavorita.com.pa\/2017\/wp-json\/wp\/v2\/tags?post=6336"}],"curies":[{"name":"wp","href":"https:\/\/api.w.org\/{rel}","templated":true}]}}