{"id":6342,"date":"2022-09-15T20:30:47","date_gmt":"2022-09-15T20:30:47","guid":{"rendered":"https:\/\/mifavorita.com.pa\/2017\/?p=6342"},"modified":"2022-09-15T21:04:31","modified_gmt":"2022-09-15T21:04:31","slug":"ofertaran-250-plazas-de-empleos-en-penonome","status":"publish","type":"post","link":"https:\/\/mifavorita.com.pa\/2017\/ofertaran-250-plazas-de-empleos-en-penonome\/","title":{"rendered":"OFERTAR\u00c1N 250 PLAZAS DE EMPLEOS EN PENONOM\u00c9"},"content":{"rendered":"\n<p>DAMGELA DE LE\u00d3N<\/p>\n\n\n\n<p>Unas 250 plazas de empleos ser\u00e1n ofrecidas en una feria de empleo que se realizar\u00e1 el s\u00e1bado 24 de septiembre en la Biblioteca P\u00fablica de Penonom\u00e9, en un horario de 8 de la ma\u00f1ana a 3 de la tarde. Las plazas buscan a personal especializado en \u00e1reas t\u00e9cnicas e ingenieriles.<\/p>\n\n\n\n<p>As\u00ed lo dio a conocer Doris Castillo, coordinadora del departamento de empleo del Ministerio de Trabajo y Desarrollo Laboral en Cocl\u00e9, quien incentiv\u00f3 a todos los interesados a que acudan al lugar establecido, con los siguientes documentos: Hoja de vida actualizada, copia de t\u00edtulo acad\u00e9mico, r\u00e9cord policivo y copia de la cartilla de vacunaci\u00f3n con las 3 dosis aplicadas contra la Covid-19. <\/p>\n\n\n\n<p>Mec\u00e1nica,&nbsp;soldadura, seguridad o&nbsp;electricidad,&nbsp;son ejemplos de las \u00e1reas ofrecidas, por ello quien cumpla con un&nbsp;perfil acorde, tenga&nbsp;experiencia y&nbsp;posea&nbsp;los estudios de bachiller, t\u00e9cnico, licenciatura o ingenier\u00eda, dependiendo del puesto al que aspira, tendr\u00e1n la oportunidad de ser seleccionados.&nbsp;<\/p>\n\n\n\n<p>ESERMIN ser\u00e1 la empresa encargada de reclutar y seleccionar al personal, y se dividir\u00e1n en la siguiente cantidad de puestos: 30 para ayudante de mec\u00e1nica, 10 sandblasting, 10 instrumentistas, 50 soldadores, 50 mec\u00e1nicos, 20 vulcanizadores, 10 para seguridad y salud ocupacional, 20 t\u00e9cnicos cer\u00e1micos, y 50 el\u00e9ctricos. <\/p>\n\n\n\n<p>Para mayor informaci\u00f3n, el MITRADEL ha habilitado los n\u00fameros 9863432 y 9060136, incluso, pueden consultar por m\u00e1s ofertas en otras \u00e1reas laborales.<\/p>\n","protected":false},"excerpt":{"rendered":"<p>DAMGELA DE LE\u00d3N Unas 250 plazas de empleos ser\u00e1n ofrecidas en una feria de empleo que se realizar\u00e1 el s\u00e1bado 24 de septiembre en la Biblioteca P\u00fablica de Penonom\u00e9, en un horario de 8 de la ma\u00f1ana a 3 de la tarde. Las plazas buscan a personal especializado en \u00e1reas t\u00e9cnicas e ingenieriles. As\u00ed lo [&hellip;]<\/p>\n","protected":false},"author":2,"featured_media":6341,"comment_status":"closed","ping_status":"open","sticky":false,"template":"","format":"standard","meta":{"footnotes":""},"categories":[1],"tags":[],"class_list":["post-6342","post","type-post","status-publish","format-standard","has-post-thumbnail","hentry","category-noticias"],"_links":{"self":[{"href":"https:\/\/mifavorita.com.pa\/2017\/wp-json\/wp\/v2\/posts\/6342","targetHints":{"allow":["GET"]}}],"collection":[{"href":"https:\/\/mifavorita.com.pa\/2017\/wp-json\/wp\/v2\/posts"}],"about":[{"href":"https:\/\/mifavorita.com.pa\/2017\/wp-json\/wp\/v2\/types\/post"}],"author":[{"embeddable":true,"href":"https:\/\/mifavorita.com.pa\/2017\/wp-json\/wp\/v2\/users\/2"}],"replies":[{"embeddable":true,"href":"https:\/\/mifavorita.com.pa\/2017\/wp-json\/wp\/v2\/comments?post=6342"}],"version-history":[{"count":3,"href":"https:\/\/mifavorita.com.pa\/2017\/wp-json\/wp\/v2\/posts\/6342\/revisions"}],"predecessor-version":[{"id":6345,"href":"https:\/\/mifavorita.com.pa\/2017\/wp-json\/wp\/v2\/posts\/6342\/revisions\/6345"}],"wp:featuredmedia":[{"embeddable":true,"href":"https:\/\/mifavorita.com.pa\/2017\/wp-json\/wp\/v2\/media\/6341"}],"wp:attachment":[{"href":"https:\/\/mifavorita.com.pa\/2017\/wp-json\/wp\/v2\/media?parent=6342"}],"wp:term":[{"taxonomy":"category","embeddable":true,"href":"https:\/\/mifavorita.com.pa\/2017\/wp-json\/wp\/v2\/categories?post=6342"},{"taxonomy":"post_tag","embeddable":true,"href":"https:\/\/mifavorita.com.pa\/2017\/wp-json\/wp\/v2\/tags?post=6342"}],"curies":[{"name":"wp","href":"https:\/\/api.w.org\/{rel}","templated":true}]}}