{"id":6350,"date":"2022-09-15T21:43:32","date_gmt":"2022-09-15T21:43:32","guid":{"rendered":"https:\/\/mifavorita.com.pa\/2017\/?p=6350"},"modified":"2022-09-15T21:43:34","modified_gmt":"2022-09-15T21:43:34","slug":"bomberos-piden-a-la-poblacion-no-descuidarse-y-asi-evitar-incendios","status":"publish","type":"post","link":"https:\/\/mifavorita.com.pa\/2017\/bomberos-piden-a-la-poblacion-no-descuidarse-y-asi-evitar-incendios\/","title":{"rendered":"BOMBEROS PIDEN A LA POBLACI\u00d3N NO DESCUIDARSE Y AS\u00cd EVITAR INCENDIOS"},"content":{"rendered":"\n<p>DAR\u00cdO FERN\u00c1NDEZ ALZAMORA <\/p>\n\n\n\n<p>La utilizaci\u00f3n de velas, luces decorativas, as\u00ed como los equipos electr\u00f3nicos en mal estado, se cuentan entre las principales causas de incendios estructurales en Panam\u00e1, seg\u00fan datos ofrecidos por el Benem\u00e9rito Cuerpo de Bomberos, quienes recomiendan no dejar solos a los ni\u00f1os y adultos mayores, ya que estos son los miembros m\u00e1s vulnerables de la familia.<\/p>\n\n\n\n<figure class=\"wp-block-image size-large\"><img fetchpriority=\"high\" decoding=\"async\" width=\"1024\" height=\"698\" src=\"https:\/\/mifavorita.com.pa\/2017\/wp-content\/uploads\/2022\/09\/1636a2f5-ed5d-4720-a384-372d96251ec1-1024x698.jpg\" class=\"wp-image-6347\" srcset=\"https:\/\/mifavorita.com.pa\/2017\/wp-content\/uploads\/2022\/09\/1636a2f5-ed5d-4720-a384-372d96251ec1-1024x698.jpg 1024w, https:\/\/mifavorita.com.pa\/2017\/wp-content\/uploads\/2022\/09\/1636a2f5-ed5d-4720-a384-372d96251ec1-300x205.jpg 300w, https:\/\/mifavorita.com.pa\/2017\/wp-content\/uploads\/2022\/09\/1636a2f5-ed5d-4720-a384-372d96251ec1-768x524.jpg 768w, https:\/\/mifavorita.com.pa\/2017\/wp-content\/uploads\/2022\/09\/1636a2f5-ed5d-4720-a384-372d96251ec1.jpg 1079w\" sizes=\"(max-width: 1024px) 100vw, 1024px\" \/><\/figure>\n\n\n\n<p><br>Para este a\u00f1o 2022, se han reportado unos 326 incendios de esta clase en todo el pa\u00eds, de acuerdo con el reporte estad\u00edstico de la Secci\u00f3n de Control de Radio de la Direcci\u00f3n Nacional de Extinci\u00f3n, B\u00fasqueda y Rescate.<br>El 51% de los llamados de emergencia por estos siniestros se dieron en el \u00e1rea metropolitana, 11% en la provincia de Col\u00f3n, mientras que otro 11% se registr\u00f3 en la provincia de Cocl\u00e9, con tres salidas por parte de los camisas rojas.<\/p>\n\n\n\n<p><br>Como consecuencia de estos incendios, tres personas perdieron la vida en las \u00faltimas semanas, entre ellas dos mujeres adultas mayores y una menor de 17 a\u00f1os.<br>Una de estas adultas mayores resid\u00eda en el \u00e1rea de El Chorrillo en Penonom\u00e9, se trataba de una se\u00f1ora de 65 a\u00f1os aproximadamente, quien muri\u00f3 como consecuencia de las quemaduras que sufri\u00f3 tras quedarse dormida en su cuarto junto a su pareja. <\/p>\n\n\n\n<figure class=\"wp-block-image size-large\"><img decoding=\"async\" width=\"1024\" height=\"681\" src=\"https:\/\/mifavorita.com.pa\/2017\/wp-content\/uploads\/2022\/09\/66c4aee6-49a8-4edb-ae2b-e19ca338dbf6-1024x681.jpg\" class=\"wp-image-6348\" srcset=\"https:\/\/mifavorita.com.pa\/2017\/wp-content\/uploads\/2022\/09\/66c4aee6-49a8-4edb-ae2b-e19ca338dbf6-1024x681.jpg 1024w, https:\/\/mifavorita.com.pa\/2017\/wp-content\/uploads\/2022\/09\/66c4aee6-49a8-4edb-ae2b-e19ca338dbf6-300x200.jpg 300w, https:\/\/mifavorita.com.pa\/2017\/wp-content\/uploads\/2022\/09\/66c4aee6-49a8-4edb-ae2b-e19ca338dbf6-768x511.jpg 768w, https:\/\/mifavorita.com.pa\/2017\/wp-content\/uploads\/2022\/09\/66c4aee6-49a8-4edb-ae2b-e19ca338dbf6.jpg 1079w\" sizes=\"(max-width: 1024px) 100vw, 1024px\" \/><\/figure>\n\n\n\n<p>La causa del siniestro fue un cortocircuito en un abanico seg\u00fan las investigaciones. Su acompa\u00f1ante tambi\u00e9n sufri\u00f3 graves quemaduras en su anatom\u00eda.<br>La hoy occisa, muri\u00f3 tras varios d\u00edas de luchar por su vida en un hospital de la capital, convirti\u00e9ndose en la primera v\u00edctima por esta causa en Cocl\u00e9.<\/p>\n\n\n\n<figure class=\"wp-block-image size-large\"><img decoding=\"async\" width=\"1024\" height=\"677\" src=\"https:\/\/mifavorita.com.pa\/2017\/wp-content\/uploads\/2022\/09\/e52fd525-f0d5-41fd-aa95-db9d5d3cef3c-1024x677.jpg\" class=\"wp-image-6349\" srcset=\"https:\/\/mifavorita.com.pa\/2017\/wp-content\/uploads\/2022\/09\/e52fd525-f0d5-41fd-aa95-db9d5d3cef3c-1024x677.jpg 1024w, https:\/\/mifavorita.com.pa\/2017\/wp-content\/uploads\/2022\/09\/e52fd525-f0d5-41fd-aa95-db9d5d3cef3c-300x198.jpg 300w, https:\/\/mifavorita.com.pa\/2017\/wp-content\/uploads\/2022\/09\/e52fd525-f0d5-41fd-aa95-db9d5d3cef3c-768x507.jpg 768w, https:\/\/mifavorita.com.pa\/2017\/wp-content\/uploads\/2022\/09\/e52fd525-f0d5-41fd-aa95-db9d5d3cef3c.jpg 1079w\" sizes=\"(max-width: 1024px) 100vw, 1024px\" \/><\/figure>\n\n\n\n<p><br>Margarita Ducreaux, comandante jefe de los bomberos en Cocl\u00e9, indic\u00f3 que es importante que las personas revisen todo antes de salir de sus casas, no dejar velas prendidas, tener cuidado al momento de cocinar y apagar los quemadores en cado de salir de la vivienda, no sobrecargar los enchufes con equipos electr\u00f3nicos, entre otros cuidados.<\/p>\n\n\n\n<p><br>La media se ha mantenido estable en el pa\u00eds desde el a\u00f1o 2020, cuando se respondieron a 484 incendios y el a\u00f1o 2021, con 480.<br>Los meses en los que han sucedido m\u00e1s incendios son enero con 53 casos, seguido de febrero con 50.<\/p>\n","protected":false},"excerpt":{"rendered":"<p>DAR\u00cdO FERN\u00c1NDEZ ALZAMORA La utilizaci\u00f3n de velas, luces decorativas, as\u00ed como los equipos electr\u00f3nicos en mal estado, se cuentan entre las principales causas de incendios estructurales en Panam\u00e1, seg\u00fan datos ofrecidos por el Benem\u00e9rito Cuerpo de Bomberos, quienes recomiendan no dejar solos a los ni\u00f1os y adultos mayores, ya que estos son los miembros m\u00e1s [&hellip;]<\/p>\n","protected":false},"author":2,"featured_media":6346,"comment_status":"closed","ping_status":"open","sticky":false,"template":"","format":"standard","meta":{"footnotes":""},"categories":[1],"tags":[],"class_list":["post-6350","post","type-post","status-publish","format-standard","has-post-thumbnail","hentry","category-noticias"],"_links":{"self":[{"href":"https:\/\/mifavorita.com.pa\/2017\/wp-json\/wp\/v2\/posts\/6350","targetHints":{"allow":["GET"]}}],"collection":[{"href":"https:\/\/mifavorita.com.pa\/2017\/wp-json\/wp\/v2\/posts"}],"about":[{"href":"https:\/\/mifavorita.com.pa\/2017\/wp-json\/wp\/v2\/types\/post"}],"author":[{"embeddable":true,"href":"https:\/\/mifavorita.com.pa\/2017\/wp-json\/wp\/v2\/users\/2"}],"replies":[{"embeddable":true,"href":"https:\/\/mifavorita.com.pa\/2017\/wp-json\/wp\/v2\/comments?post=6350"}],"version-history":[{"count":1,"href":"https:\/\/mifavorita.com.pa\/2017\/wp-json\/wp\/v2\/posts\/6350\/revisions"}],"predecessor-version":[{"id":6351,"href":"https:\/\/mifavorita.com.pa\/2017\/wp-json\/wp\/v2\/posts\/6350\/revisions\/6351"}],"wp:featuredmedia":[{"embeddable":true,"href":"https:\/\/mifavorita.com.pa\/2017\/wp-json\/wp\/v2\/media\/6346"}],"wp:attachment":[{"href":"https:\/\/mifavorita.com.pa\/2017\/wp-json\/wp\/v2\/media?parent=6350"}],"wp:term":[{"taxonomy":"category","embeddable":true,"href":"https:\/\/mifavorita.com.pa\/2017\/wp-json\/wp\/v2\/categories?post=6350"},{"taxonomy":"post_tag","embeddable":true,"href":"https:\/\/mifavorita.com.pa\/2017\/wp-json\/wp\/v2\/tags?post=6350"}],"curies":[{"name":"wp","href":"https:\/\/api.w.org\/{rel}","templated":true}]}}