{"id":6367,"date":"2022-09-16T22:40:30","date_gmt":"2022-09-16T22:40:30","guid":{"rendered":"https:\/\/mifavorita.com.pa\/2017\/?p=6367"},"modified":"2022-09-16T22:40:36","modified_gmt":"2022-09-16T22:40:36","slug":"dano-en-un-transformador-afecto-atencion-en-la-policlinica-de-penonome","status":"publish","type":"post","link":"https:\/\/mifavorita.com.pa\/2017\/dano-en-un-transformador-afecto-atencion-en-la-policlinica-de-penonome\/","title":{"rendered":"DA\u00d1O EN UN TRANSFORMADOR AFECT\u00d3 ATENCI\u00d3N EN LA POLICL\u00cdNICA DE PENONOM\u00c9"},"content":{"rendered":"\n<p>DAR\u00cdO FERN\u00c1NDEZ ALZAMORA<\/p>\n\n\n\n<p>Desde tempranas horas de la ma\u00f1ana, la atenci\u00f3n de salud en la policl\u00ednica Manuel Paulino Oca\u00f1a de Penonom\u00e9 resulto afectada este viernes 16 de septiembre, debido a una explosi\u00f3n en un transformador cercano a sus instalaciones en la calle 12 de septiembre.<\/p>\n\n\n\n<p><br>Seg\u00fan personal de la policl\u00ednica, el da\u00f1o el\u00e9ctrico gener\u00f3 una fuerte fluctuaci\u00f3n que termin\u00f3 causando un desperfecto en la planta el\u00e9ctrica de emergencia en dicha instalaci\u00f3n de salud, por lo que se quedaron a oscuras.<\/p>\n\n\n\n<figure class=\"wp-block-image size-large\"><img fetchpriority=\"high\" decoding=\"async\" width=\"225\" height=\"300\" src=\"https:\/\/mifavorita.com.pa\/2017\/wp-content\/uploads\/2022\/09\/d6ba4e75-614b-4712-97d3-f75b75294749-225x300.jpg\" class=\"wp-image-6366\" srcset=\"https:\/\/mifavorita.com.pa\/2017\/wp-content\/uploads\/2022\/09\/d6ba4e75-614b-4712-97d3-f75b75294749-225x300.jpg 225w, https:\/\/mifavorita.com.pa\/2017\/wp-content\/uploads\/2022\/09\/d6ba4e75-614b-4712-97d3-f75b75294749.jpg 750w\" sizes=\"(max-width: 225px) 100vw, 225px\" \/><\/figure>\n\n\n\n<p><br>Lamentablemente con la falta de electricidad, fueron muchas las citas y atenciones que tuvieron que cancelar, lo que molest\u00f3 a las personas que se encontraban esta ma\u00f1ana en el lugar; esto motiv\u00f3 a que el personal de la Caja de Seguro Social saliera a dar las debidas explicaciones para tranquilizar a los presentes.<\/p>\n\n\n\n<p><br>Mar\u00eda del Rosario Morales, directora de la Policl\u00ednica de Penonom\u00e9, indic\u00f3 que todas las citas que se perdieron ser\u00edan reprogramadas para que no se perdiera la atenci\u00f3n.<\/p>\n\n\n\n<figure class=\"wp-block-image size-large\"><img decoding=\"async\" width=\"225\" height=\"300\" src=\"https:\/\/mifavorita.com.pa\/2017\/wp-content\/uploads\/2022\/09\/9f20039b-738c-4e82-8b7c-a7d956803350-225x300.jpg\" class=\"wp-image-6365\" srcset=\"https:\/\/mifavorita.com.pa\/2017\/wp-content\/uploads\/2022\/09\/9f20039b-738c-4e82-8b7c-a7d956803350-225x300.jpg 225w, https:\/\/mifavorita.com.pa\/2017\/wp-content\/uploads\/2022\/09\/9f20039b-738c-4e82-8b7c-a7d956803350.jpg 390w\" sizes=\"(max-width: 225px) 100vw, 225px\" \/><\/figure>\n\n\n\n<p><br>Posteriormente inform\u00f3 que los t\u00e9cnicos lograron arrancar la planta por lo que el servicio fue reestablecido en el edificio pasadas las 10:00 de la ma\u00f1ana, al tiempo que cuadrillas de mantenimiento de la empresa el\u00e9ctrica trataban de reparar el da\u00f1o que dej\u00f3 sin luz otros sectores en los alrededores.<\/p>\n","protected":false},"excerpt":{"rendered":"<p>DAR\u00cdO FERN\u00c1NDEZ ALZAMORA Desde tempranas horas de la ma\u00f1ana, la atenci\u00f3n de salud en la policl\u00ednica Manuel Paulino Oca\u00f1a de Penonom\u00e9 resulto afectada este viernes 16 de septiembre, debido a una explosi\u00f3n en un transformador cercano a sus instalaciones en la calle 12 de septiembre. Seg\u00fan personal de la policl\u00ednica, el da\u00f1o el\u00e9ctrico gener\u00f3 una [&hellip;]<\/p>\n","protected":false},"author":2,"featured_media":6363,"comment_status":"closed","ping_status":"open","sticky":false,"template":"","format":"standard","meta":{"footnotes":""},"categories":[1],"tags":[],"class_list":["post-6367","post","type-post","status-publish","format-standard","has-post-thumbnail","hentry","category-noticias"],"_links":{"self":[{"href":"https:\/\/mifavorita.com.pa\/2017\/wp-json\/wp\/v2\/posts\/6367","targetHints":{"allow":["GET"]}}],"collection":[{"href":"https:\/\/mifavorita.com.pa\/2017\/wp-json\/wp\/v2\/posts"}],"about":[{"href":"https:\/\/mifavorita.com.pa\/2017\/wp-json\/wp\/v2\/types\/post"}],"author":[{"embeddable":true,"href":"https:\/\/mifavorita.com.pa\/2017\/wp-json\/wp\/v2\/users\/2"}],"replies":[{"embeddable":true,"href":"https:\/\/mifavorita.com.pa\/2017\/wp-json\/wp\/v2\/comments?post=6367"}],"version-history":[{"count":1,"href":"https:\/\/mifavorita.com.pa\/2017\/wp-json\/wp\/v2\/posts\/6367\/revisions"}],"predecessor-version":[{"id":6368,"href":"https:\/\/mifavorita.com.pa\/2017\/wp-json\/wp\/v2\/posts\/6367\/revisions\/6368"}],"wp:featuredmedia":[{"embeddable":true,"href":"https:\/\/mifavorita.com.pa\/2017\/wp-json\/wp\/v2\/media\/6363"}],"wp:attachment":[{"href":"https:\/\/mifavorita.com.pa\/2017\/wp-json\/wp\/v2\/media?parent=6367"}],"wp:term":[{"taxonomy":"category","embeddable":true,"href":"https:\/\/mifavorita.com.pa\/2017\/wp-json\/wp\/v2\/categories?post=6367"},{"taxonomy":"post_tag","embeddable":true,"href":"https:\/\/mifavorita.com.pa\/2017\/wp-json\/wp\/v2\/tags?post=6367"}],"curies":[{"name":"wp","href":"https:\/\/api.w.org\/{rel}","templated":true}]}}