{"id":6372,"date":"2022-09-16T23:07:55","date_gmt":"2022-09-16T23:07:55","guid":{"rendered":"https:\/\/mifavorita.com.pa\/2017\/?p=6372"},"modified":"2022-09-16T23:07:56","modified_gmt":"2022-09-16T23:07:56","slug":"obreros-inician-jornadas-de-protesta-para-impedir-paralizacion-del-proyecto-de-nuevo-hospital","status":"publish","type":"post","link":"https:\/\/mifavorita.com.pa\/2017\/obreros-inician-jornadas-de-protesta-para-impedir-paralizacion-del-proyecto-de-nuevo-hospital\/","title":{"rendered":"Obreros inician jornadas de protesta para impedir paralizaci\u00f3n del proyecto de nuevo hospital"},"content":{"rendered":"\n<p>EDILSA GONZ\u00c1LEZ ROCA<\/p>\n\n\n\n<p>Evitar que la construcci\u00f3n del proyecto del nuevo hospital Aquilino Tejeira se paralice, y por ende se pierdan centenares de plazas de empleos, es la meta que se han propuesto los obreros de este proyecto que apoyados por el Suntracs, iniciaron este viernes una jornada de protestas que se extender\u00e1n durante la pr\u00f3xima semana.<\/p>\n\n\n\n<p>Y es que seg\u00fan inform\u00f3 el dirigente sindical Reinaldo Garc\u00e9s, el proyecto que hace unos meses ten\u00eda arriba de 300 trabajadores, esta quincena recort\u00f3 a 86 el n\u00famero de obreros, la pr\u00f3xima recortar\u00e1 a otros 40 dejando solo tres personas dentro del proyecto, esto debido a que no puede continuar con la obra, por el no pago del gobierno.<\/p>\n\n\n\n<figure class=\"wp-block-image size-large\"><img fetchpriority=\"high\" decoding=\"async\" width=\"1024\" height=\"802\" src=\"https:\/\/mifavorita.com.pa\/2017\/wp-content\/uploads\/2022\/09\/img_6185-1024x802.jpg\" class=\"wp-image-6371\" srcset=\"https:\/\/mifavorita.com.pa\/2017\/wp-content\/uploads\/2022\/09\/img_6185-1024x802.jpg 1024w, https:\/\/mifavorita.com.pa\/2017\/wp-content\/uploads\/2022\/09\/img_6185-300x235.jpg 300w, https:\/\/mifavorita.com.pa\/2017\/wp-content\/uploads\/2022\/09\/img_6185-768x602.jpg 768w, https:\/\/mifavorita.com.pa\/2017\/wp-content\/uploads\/2022\/09\/img_6185.jpg 1167w\" sizes=\"(max-width: 1024px) 100vw, 1024px\" \/><\/figure>\n\n\n\n<p>La construcci\u00f3n del nuevo hospital Aquilino Tejeira de Penonom\u00e9 representa un inversi\u00f3n del Estado de m\u00e1s de 160 millones de d\u00f3lares, la empresa ha avanzado en m\u00e1s del 50 % de la obra, pero no ha recibido el pago correspondiente y requiere del mismo para solicitar equipos al extranjero cuya elaboraci\u00f3n tarde entre 6 y ocho meses, para una obra que est\u00e1 supuesta a terminar en el a\u00f1o 2023.<\/p>\n\n\n\n<p>Seg\u00fan Garc\u00e9s, han sostenido diversas reuniones con los directores regionales del Minsa, con funcionarios del departamento de infraestructura del Minsa, con el gobernador de la provincia que lo \u00faltimo que dijo es que desconoc\u00eda de este problema, con ministros y viceministros de otras carteras y ninguna ha dado una respuesta o seguimiento al problema.<\/p>\n\n\n\n<p>Ante esta situaci\u00f3n hizo un llamado a la poblaci\u00f3n coclesana a no permitir que esta obra termine como las policl\u00ednicas del seguro social de Penonom\u00e9 y Aguadulce que han sido abandonados durante m\u00e1s de diez a\u00f1os y los invitaron a unirse a las protestas que continuaran el lunes 19 en las calles.<\/p>\n","protected":false},"excerpt":{"rendered":"<p>EDILSA GONZ\u00c1LEZ ROCA Evitar que la construcci\u00f3n del proyecto del nuevo hospital Aquilino Tejeira se paralice, y por ende se pierdan centenares de plazas de empleos, es la meta que se han propuesto los obreros de este proyecto que apoyados por el Suntracs, iniciaron este viernes una jornada de protestas que se extender\u00e1n durante la [&hellip;]<\/p>\n","protected":false},"author":2,"featured_media":6370,"comment_status":"closed","ping_status":"open","sticky":false,"template":"","format":"standard","meta":{"footnotes":""},"categories":[1],"tags":[],"class_list":["post-6372","post","type-post","status-publish","format-standard","has-post-thumbnail","hentry","category-noticias"],"_links":{"self":[{"href":"https:\/\/mifavorita.com.pa\/2017\/wp-json\/wp\/v2\/posts\/6372","targetHints":{"allow":["GET"]}}],"collection":[{"href":"https:\/\/mifavorita.com.pa\/2017\/wp-json\/wp\/v2\/posts"}],"about":[{"href":"https:\/\/mifavorita.com.pa\/2017\/wp-json\/wp\/v2\/types\/post"}],"author":[{"embeddable":true,"href":"https:\/\/mifavorita.com.pa\/2017\/wp-json\/wp\/v2\/users\/2"}],"replies":[{"embeddable":true,"href":"https:\/\/mifavorita.com.pa\/2017\/wp-json\/wp\/v2\/comments?post=6372"}],"version-history":[{"count":1,"href":"https:\/\/mifavorita.com.pa\/2017\/wp-json\/wp\/v2\/posts\/6372\/revisions"}],"predecessor-version":[{"id":6373,"href":"https:\/\/mifavorita.com.pa\/2017\/wp-json\/wp\/v2\/posts\/6372\/revisions\/6373"}],"wp:featuredmedia":[{"embeddable":true,"href":"https:\/\/mifavorita.com.pa\/2017\/wp-json\/wp\/v2\/media\/6370"}],"wp:attachment":[{"href":"https:\/\/mifavorita.com.pa\/2017\/wp-json\/wp\/v2\/media?parent=6372"}],"wp:term":[{"taxonomy":"category","embeddable":true,"href":"https:\/\/mifavorita.com.pa\/2017\/wp-json\/wp\/v2\/categories?post=6372"},{"taxonomy":"post_tag","embeddable":true,"href":"https:\/\/mifavorita.com.pa\/2017\/wp-json\/wp\/v2\/tags?post=6372"}],"curies":[{"name":"wp","href":"https:\/\/api.w.org\/{rel}","templated":true}]}}