{"id":6375,"date":"2022-09-16T23:48:48","date_gmt":"2022-09-16T23:48:48","guid":{"rendered":"https:\/\/mifavorita.com.pa\/2017\/?p=6375"},"modified":"2022-09-16T23:48:49","modified_gmt":"2022-09-16T23:48:49","slug":"mesa-de-dialogo-toma-un-nuevo-impulso","status":"publish","type":"post","link":"https:\/\/mifavorita.com.pa\/2017\/mesa-de-dialogo-toma-un-nuevo-impulso\/","title":{"rendered":"Mesa de dialogo toma un nuevo impulso"},"content":{"rendered":"\n<p>EDILSA GONZALEZ ROCA<\/p>\n\n\n\n<p>Con la presentaci\u00f3n de una nueva propuesta, de la Comisi\u00f3n Ejecutiva de Gobierno, la Mesa \u00danica del Di\u00e1logo por Panam\u00e1, tom\u00f3 un nuevo impulso la tarde de este viernes, luego de comparecer por cinco jornadas sobre el punto 8 sin llegar a ning\u00fan acuerdo.<\/p>\n\n\n\n<p>La tarde del jueves se retom\u00f3 la mesa en el Centro Cristo Sembrador de Penonom\u00e9, despu\u00e9s de dos semanas de receso, en donde las alianzas del pueblo le recriminaron al gobierno todos los incumplimientos que aseguran se han dado tras la firma de acuerdos en varios temas, adem\u00e1s de acusarlos de intentar \u201cpatear la mesa\u201d al no cambiar su propuesta en torno al punto 8.<\/p>\n\n\n\n<p>Este viernes un nuevo actor por parte del gobierno se uni\u00f3 a la Mesa de Di\u00e1logo, el ministro de vivienda Rogelio Paredes a quien le correspondi\u00f3 la presentaci\u00f3n de la nueva propuesta en la que aceptan que el establecimiento de la mesa intersectorial sea formalizada a trav\u00e9s de decreto, y que en su abordaje se atender\u00e1n los disensos y se plantear\u00e1n posibles alternativas de soluci\u00f3n.<\/p>\n\n\n\n<figure class=\"wp-block-image size-large\"><img fetchpriority=\"high\" decoding=\"async\" width=\"1024\" height=\"768\" src=\"https:\/\/mifavorita.com.pa\/2017\/wp-content\/uploads\/2022\/09\/img_0951-1024x768.jpg\" class=\"wp-image-6374\" srcset=\"https:\/\/mifavorita.com.pa\/2017\/wp-content\/uploads\/2022\/09\/img_0951-1024x768.jpg 1024w, https:\/\/mifavorita.com.pa\/2017\/wp-content\/uploads\/2022\/09\/img_0951-300x225.jpg 300w, https:\/\/mifavorita.com.pa\/2017\/wp-content\/uploads\/2022\/09\/img_0951-768x576.jpg 768w, https:\/\/mifavorita.com.pa\/2017\/wp-content\/uploads\/2022\/09\/img_0951-1536x1152.jpg 1536w, https:\/\/mifavorita.com.pa\/2017\/wp-content\/uploads\/2022\/09\/img_0951-2048x1536.jpg 2048w, https:\/\/mifavorita.com.pa\/2017\/wp-content\/uploads\/2022\/09\/img_0951-1200x900.jpg 1200w, https:\/\/mifavorita.com.pa\/2017\/wp-content\/uploads\/2022\/09\/img_0951-1980x1485.jpg 1980w\" sizes=\"(max-width: 1024px) 100vw, 1024px\" \/><\/figure>\n\n\n\n<p>La propuesta acepta adem\u00e1s, los ejes tem\u00e1ticos planteados por las alianzas entre los que se encuentran seguridad y soberan\u00eda alimentaria, pueblos originarios, derechos humanos y ambiente, vivienda y habitad, educaci\u00f3n, juventud y desarrollo social, salud seguridad social, entre otros.<\/p>\n\n\n\n<p>En cuanto al proceso de facilitaci\u00f3n la propuesta de gobierno propone al presidente del Comit\u00e9 Ecum\u00e9nico Nacional Julio Murray, en cuanto metodolog\u00eda se plantea que sean dos d\u00edas consecutivos a la semana en jornadas de 4 o seis horas, con la participaci\u00f3n de las alianzas, el gobierno y empresarios o los que tengan incidencia de acuerdo a cada eje tem\u00e1tico y como posibles fechas de la primera reuni\u00f3n el 7 y 8 de octubre.<\/p>\n\n\n\n<p>Aunque con algunas consideraciones, los voceros de las tres alianzas manifestaron que esta nueva propuesta tiene visos de poder llegar a entendimientos y que se puedan llegar a acuerdos para poder avanzar a la segunda etapa de la Mesa de Dialogo, para eso se reunir\u00edan el resto de la tarde para una mesa de contacto y posterior plenaria.<\/p>\n","protected":false},"excerpt":{"rendered":"<p>EDILSA GONZALEZ ROCA Con la presentaci\u00f3n de una nueva propuesta, de la Comisi\u00f3n Ejecutiva de Gobierno, la Mesa \u00danica del Di\u00e1logo por Panam\u00e1, tom\u00f3 un nuevo impulso la tarde de este viernes, luego de comparecer por cinco jornadas sobre el punto 8 sin llegar a ning\u00fan acuerdo. La tarde del jueves se retom\u00f3 la mesa [&hellip;]<\/p>\n","protected":false},"author":2,"featured_media":5866,"comment_status":"closed","ping_status":"open","sticky":false,"template":"","format":"standard","meta":{"footnotes":""},"categories":[1],"tags":[],"class_list":["post-6375","post","type-post","status-publish","format-standard","has-post-thumbnail","hentry","category-noticias"],"_links":{"self":[{"href":"https:\/\/mifavorita.com.pa\/2017\/wp-json\/wp\/v2\/posts\/6375","targetHints":{"allow":["GET"]}}],"collection":[{"href":"https:\/\/mifavorita.com.pa\/2017\/wp-json\/wp\/v2\/posts"}],"about":[{"href":"https:\/\/mifavorita.com.pa\/2017\/wp-json\/wp\/v2\/types\/post"}],"author":[{"embeddable":true,"href":"https:\/\/mifavorita.com.pa\/2017\/wp-json\/wp\/v2\/users\/2"}],"replies":[{"embeddable":true,"href":"https:\/\/mifavorita.com.pa\/2017\/wp-json\/wp\/v2\/comments?post=6375"}],"version-history":[{"count":1,"href":"https:\/\/mifavorita.com.pa\/2017\/wp-json\/wp\/v2\/posts\/6375\/revisions"}],"predecessor-version":[{"id":6376,"href":"https:\/\/mifavorita.com.pa\/2017\/wp-json\/wp\/v2\/posts\/6375\/revisions\/6376"}],"wp:featuredmedia":[{"embeddable":true,"href":"https:\/\/mifavorita.com.pa\/2017\/wp-json\/wp\/v2\/media\/5866"}],"wp:attachment":[{"href":"https:\/\/mifavorita.com.pa\/2017\/wp-json\/wp\/v2\/media?parent=6375"}],"wp:term":[{"taxonomy":"category","embeddable":true,"href":"https:\/\/mifavorita.com.pa\/2017\/wp-json\/wp\/v2\/categories?post=6375"},{"taxonomy":"post_tag","embeddable":true,"href":"https:\/\/mifavorita.com.pa\/2017\/wp-json\/wp\/v2\/tags?post=6375"}],"curies":[{"name":"wp","href":"https:\/\/api.w.org\/{rel}","templated":true}]}}