{"id":6380,"date":"2022-09-17T15:05:30","date_gmt":"2022-09-17T15:05:30","guid":{"rendered":"https:\/\/mifavorita.com.pa\/2017\/?p=6380"},"modified":"2022-09-17T15:05:31","modified_gmt":"2022-09-17T15:05:31","slug":"fuertes-lluvias-dejan-2-muertos-y-serias-afectaciones-en-comunidades-de-la-pintada-anton-y-penonome","status":"publish","type":"post","link":"https:\/\/mifavorita.com.pa\/2017\/fuertes-lluvias-dejan-2-muertos-y-serias-afectaciones-en-comunidades-de-la-pintada-anton-y-penonome\/","title":{"rendered":"FUERTES LLUVIAS DEJAN 2 MUERTOS Y SERIAS AFECTACIONES EN COMUNIDADES DE LA PINTADA, ANT\u00d3N Y PENONOM\u00c9"},"content":{"rendered":"\n<p>DAMGELA DE LE\u00d3N<\/p>\n\n\n\n<p>Producto de las fuertes lluvias registradas la tarde y noche del viernes 16 de septiembre en la provincia de Cocl\u00e9, m\u00e1s de 12 v\u00edas quedaron incomunicadas al quedar cubiertas de ramas y lodo, tambi\u00e9n se registraron casas afectadas por deslizamiento de tierras en Tranquilla de Ant\u00f3n, 3 viviendas quedaron inundadas en La Pintada y se dio el colapso de un puente en la comunidad de Perecab\u00e9.<\/p>\n\n\n\n<p>Producto de los deslizamientos, dos personas fallecieron comunidad de Los Alveos, en Tranquilla de Ant\u00f3n, cuando la vivienda en la que habitaban qued\u00f3 cubierta de tierra, dejando atrapadas a 4 personas, de las cuales 2 pudieron ser rescatadas con vida, entre ellas, un menor de 5 a\u00f1os.<\/p>\n\n\n\n<figure class=\"wp-block-image size-large\"><img fetchpriority=\"high\" decoding=\"async\" width=\"768\" height=\"1024\" src=\"https:\/\/mifavorita.com.pa\/2017\/wp-content\/uploads\/2022\/09\/9fc3b158-c350-412e-8eee-329db4be9726-768x1024.jpg\" class=\"wp-image-6378\" srcset=\"https:\/\/mifavorita.com.pa\/2017\/wp-content\/uploads\/2022\/09\/9fc3b158-c350-412e-8eee-329db4be9726-768x1024.jpg 768w, https:\/\/mifavorita.com.pa\/2017\/wp-content\/uploads\/2022\/09\/9fc3b158-c350-412e-8eee-329db4be9726-225x300.jpg 225w, https:\/\/mifavorita.com.pa\/2017\/wp-content\/uploads\/2022\/09\/9fc3b158-c350-412e-8eee-329db4be9726.jpg 960w\" sizes=\"(max-width: 768px) 100vw, 768px\" \/><\/figure>\n\n\n\n<p>Miembros del Sistema Nacional de Protecci\u00f3n Civil de Cocl\u00e9, junto al Cuerpo de Bomberos, acudieron al lugar para brindar los primeros auxilios. Vecinos de la comunidad tambi\u00e9n brindaron su apoyo. Los rescatados, una se\u00f1ora de 52 a\u00f1os y el menor de 5, fueron trasladados al Centro Materno Infantil de Ant\u00f3n, y luego al Hospital Aquilino Tejeira de Penonom\u00e9; ambos se encuentran estables. <\/p>\n\n\n\n<figure class=\"wp-block-image size-large\"><img decoding=\"async\" width=\"768\" height=\"1024\" src=\"https:\/\/mifavorita.com.pa\/2017\/wp-content\/uploads\/2022\/09\/3c1b30c1-63d3-48c5-91d0-905183cd3fc4-768x1024.jpg\" class=\"wp-image-6379\" srcset=\"https:\/\/mifavorita.com.pa\/2017\/wp-content\/uploads\/2022\/09\/3c1b30c1-63d3-48c5-91d0-905183cd3fc4-768x1024.jpg 768w, https:\/\/mifavorita.com.pa\/2017\/wp-content\/uploads\/2022\/09\/3c1b30c1-63d3-48c5-91d0-905183cd3fc4-225x300.jpg 225w, https:\/\/mifavorita.com.pa\/2017\/wp-content\/uploads\/2022\/09\/3c1b30c1-63d3-48c5-91d0-905183cd3fc4.jpg 867w\" sizes=\"(max-width: 768px) 100vw, 768px\" \/><\/figure>\n\n\n\n<p>Una vez los cuerpos de las v\u00edctimas fueron rescatados por el SINAPROC y los Bomberos, el personero de Ant\u00f3n dio la orden para el levantamiento. Gumercindo Gonz\u00e1lez de 60 a\u00f1os y de Rosendo Moreno de&nbsp;50, fueron los dos fallecidos en&nbsp;este lamentable hecho.&nbsp;<\/p>\n\n\n\n<p>Muchas personas han quedado afectadas, por lo que se est\u00e1 intentado brindar ayuda en los diferentes sectores. Informaci\u00f3n en desarrollo\u2026<\/p>\n","protected":false},"excerpt":{"rendered":"<p>DAMGELA DE LE\u00d3N Producto de las fuertes lluvias registradas la tarde y noche del viernes 16 de septiembre en la provincia de Cocl\u00e9, m\u00e1s de 12 v\u00edas quedaron incomunicadas al quedar cubiertas de ramas y lodo, tambi\u00e9n se registraron casas afectadas por deslizamiento de tierras en Tranquilla de Ant\u00f3n, 3 viviendas quedaron inundadas en La [&hellip;]<\/p>\n","protected":false},"author":2,"featured_media":6377,"comment_status":"closed","ping_status":"open","sticky":false,"template":"","format":"standard","meta":{"footnotes":""},"categories":[1],"tags":[],"class_list":["post-6380","post","type-post","status-publish","format-standard","has-post-thumbnail","hentry","category-noticias"],"_links":{"self":[{"href":"https:\/\/mifavorita.com.pa\/2017\/wp-json\/wp\/v2\/posts\/6380","targetHints":{"allow":["GET"]}}],"collection":[{"href":"https:\/\/mifavorita.com.pa\/2017\/wp-json\/wp\/v2\/posts"}],"about":[{"href":"https:\/\/mifavorita.com.pa\/2017\/wp-json\/wp\/v2\/types\/post"}],"author":[{"embeddable":true,"href":"https:\/\/mifavorita.com.pa\/2017\/wp-json\/wp\/v2\/users\/2"}],"replies":[{"embeddable":true,"href":"https:\/\/mifavorita.com.pa\/2017\/wp-json\/wp\/v2\/comments?post=6380"}],"version-history":[{"count":1,"href":"https:\/\/mifavorita.com.pa\/2017\/wp-json\/wp\/v2\/posts\/6380\/revisions"}],"predecessor-version":[{"id":6381,"href":"https:\/\/mifavorita.com.pa\/2017\/wp-json\/wp\/v2\/posts\/6380\/revisions\/6381"}],"wp:featuredmedia":[{"embeddable":true,"href":"https:\/\/mifavorita.com.pa\/2017\/wp-json\/wp\/v2\/media\/6377"}],"wp:attachment":[{"href":"https:\/\/mifavorita.com.pa\/2017\/wp-json\/wp\/v2\/media?parent=6380"}],"wp:term":[{"taxonomy":"category","embeddable":true,"href":"https:\/\/mifavorita.com.pa\/2017\/wp-json\/wp\/v2\/categories?post=6380"},{"taxonomy":"post_tag","embeddable":true,"href":"https:\/\/mifavorita.com.pa\/2017\/wp-json\/wp\/v2\/tags?post=6380"}],"curies":[{"name":"wp","href":"https:\/\/api.w.org\/{rel}","templated":true}]}}