{"id":6385,"date":"2022-09-17T21:28:44","date_gmt":"2022-09-17T21:28:44","guid":{"rendered":"https:\/\/mifavorita.com.pa\/2017\/?p=6385"},"modified":"2022-09-17T21:28:45","modified_gmt":"2022-09-17T21:28:45","slug":"fuertes-lluvias-tambien-afectan-la-pintada-y-penonome","status":"publish","type":"post","link":"https:\/\/mifavorita.com.pa\/2017\/fuertes-lluvias-tambien-afectan-la-pintada-y-penonome\/","title":{"rendered":"Fuertes lluvias tambi\u00e9n afectan La Pintada y Penonom\u00e9"},"content":{"rendered":"\n<p>EDILSA GONZ\u00c1LEZ ROCA<br \/>COCL\u00c9.<\/p>\n\n\n\n<p>Las fuertes lluvias registradas la tarde y noche del viernes afectaron varias comunidades de los distritos de Penonom\u00e9 y La Pintada debido a deslizamientos de tierra, crecida de r\u00edos e inundaciones.<\/p>\n\n\n\n<p><br>En el sector de El Nazareno de La Pintada la fuerte crecida del R\u00edo Cocl\u00e9 del Sur inundaron al menos tres viviendas, en una de ellas con da\u00f1os de enseres.<\/p>\n\n\n\n<figure class=\"wp-block-image size-large\"><img fetchpriority=\"high\" decoding=\"async\" width=\"1024\" height=\"576\" src=\"https:\/\/mifavorita.com.pa\/2017\/wp-content\/uploads\/2022\/09\/06940357-95d4-49f9-8aa9-76c92d70c9bb-1024x576.jpg\" class=\"wp-image-6383\" srcset=\"https:\/\/mifavorita.com.pa\/2017\/wp-content\/uploads\/2022\/09\/06940357-95d4-49f9-8aa9-76c92d70c9bb-1024x576.jpg 1024w, https:\/\/mifavorita.com.pa\/2017\/wp-content\/uploads\/2022\/09\/06940357-95d4-49f9-8aa9-76c92d70c9bb-300x169.jpg 300w, https:\/\/mifavorita.com.pa\/2017\/wp-content\/uploads\/2022\/09\/06940357-95d4-49f9-8aa9-76c92d70c9bb-768x432.jpg 768w, https:\/\/mifavorita.com.pa\/2017\/wp-content\/uploads\/2022\/09\/06940357-95d4-49f9-8aa9-76c92d70c9bb-1536x864.jpg 1536w, https:\/\/mifavorita.com.pa\/2017\/wp-content\/uploads\/2022\/09\/06940357-95d4-49f9-8aa9-76c92d70c9bb-1200x675.jpg 1200w, https:\/\/mifavorita.com.pa\/2017\/wp-content\/uploads\/2022\/09\/06940357-95d4-49f9-8aa9-76c92d70c9bb.jpg 1600w\" sizes=\"(max-width: 1024px) 100vw, 1024px\" \/><\/figure>\n\n\n\n<p><br>En el corregimiento de Tul\u00fa varios puntos fueron afectados por los deslizamientos que mantuvieron incomunicados a varios sectores entre ellos Santa Cruz, Perecabe y Perecabecito en donde un oue te tipo zarzo colpas\u00f3 debido a fuerte crecida del r\u00edo.<\/p>\n\n\n\n<figure class=\"wp-block-image size-large\"><img decoding=\"async\" width=\"1024\" height=\"768\" src=\"https:\/\/mifavorita.com.pa\/2017\/wp-content\/uploads\/2022\/09\/4476589a-ca27-4146-8088-e18e1de2e6b7-1-1024x768.jpg\" class=\"wp-image-6384\" srcset=\"https:\/\/mifavorita.com.pa\/2017\/wp-content\/uploads\/2022\/09\/4476589a-ca27-4146-8088-e18e1de2e6b7-1-1024x768.jpg 1024w, https:\/\/mifavorita.com.pa\/2017\/wp-content\/uploads\/2022\/09\/4476589a-ca27-4146-8088-e18e1de2e6b7-1-300x225.jpg 300w, https:\/\/mifavorita.com.pa\/2017\/wp-content\/uploads\/2022\/09\/4476589a-ca27-4146-8088-e18e1de2e6b7-1-768x576.jpg 768w, https:\/\/mifavorita.com.pa\/2017\/wp-content\/uploads\/2022\/09\/4476589a-ca27-4146-8088-e18e1de2e6b7-1-1536x1152.jpg 1536w, https:\/\/mifavorita.com.pa\/2017\/wp-content\/uploads\/2022\/09\/4476589a-ca27-4146-8088-e18e1de2e6b7-1-1200x900.jpg 1200w, https:\/\/mifavorita.com.pa\/2017\/wp-content\/uploads\/2022\/09\/4476589a-ca27-4146-8088-e18e1de2e6b7-1.jpg 1600w\" sizes=\"(max-width: 1024px) 100vw, 1024px\" \/><\/figure>\n\n\n\n<p><br>Edwin G\u00f3mez, director regional del Sistema Nacional de Protecci\u00f3n Civil indic\u00f3 que personal del M\u00edo y en coordinaci\u00f3n con otras autoridades se atendieron los puntos de deslizamientos tanto en el \u00e1rea de Caballero hacia El Valle c\u00f3mo en el \u00e1rea de la V\u00eda hacia Tul\u00fay estaban movilizando equipos para atender algunas \u00e1reas a las que en horas de la tarde de este s\u00e1bado a\u00fan no hab\u00edan podido llegar.<\/p>\n\n\n\n<p><br>Tambi\u00e9n se nos han dado a conocer reporte de afectaciones en la v\u00eda hacia Boca de Tucu\u00e9 y otros sectores del norte de Penonom\u00e9.<\/p>\n","protected":false},"excerpt":{"rendered":"<p>EDILSA GONZ\u00c1LEZ ROCACOCL\u00c9. Las fuertes lluvias registradas la tarde y noche del viernes afectaron varias comunidades de los distritos de Penonom\u00e9 y La Pintada debido a deslizamientos de tierra, crecida de r\u00edos e inundaciones. En el sector de El Nazareno de La Pintada la fuerte crecida del R\u00edo Cocl\u00e9 del Sur inundaron al menos tres [&hellip;]<\/p>\n","protected":false},"author":2,"featured_media":6382,"comment_status":"closed","ping_status":"open","sticky":false,"template":"","format":"standard","meta":{"footnotes":""},"categories":[1],"tags":[],"class_list":["post-6385","post","type-post","status-publish","format-standard","has-post-thumbnail","hentry","category-noticias"],"_links":{"self":[{"href":"https:\/\/mifavorita.com.pa\/2017\/wp-json\/wp\/v2\/posts\/6385","targetHints":{"allow":["GET"]}}],"collection":[{"href":"https:\/\/mifavorita.com.pa\/2017\/wp-json\/wp\/v2\/posts"}],"about":[{"href":"https:\/\/mifavorita.com.pa\/2017\/wp-json\/wp\/v2\/types\/post"}],"author":[{"embeddable":true,"href":"https:\/\/mifavorita.com.pa\/2017\/wp-json\/wp\/v2\/users\/2"}],"replies":[{"embeddable":true,"href":"https:\/\/mifavorita.com.pa\/2017\/wp-json\/wp\/v2\/comments?post=6385"}],"version-history":[{"count":1,"href":"https:\/\/mifavorita.com.pa\/2017\/wp-json\/wp\/v2\/posts\/6385\/revisions"}],"predecessor-version":[{"id":6386,"href":"https:\/\/mifavorita.com.pa\/2017\/wp-json\/wp\/v2\/posts\/6385\/revisions\/6386"}],"wp:featuredmedia":[{"embeddable":true,"href":"https:\/\/mifavorita.com.pa\/2017\/wp-json\/wp\/v2\/media\/6382"}],"wp:attachment":[{"href":"https:\/\/mifavorita.com.pa\/2017\/wp-json\/wp\/v2\/media?parent=6385"}],"wp:term":[{"taxonomy":"category","embeddable":true,"href":"https:\/\/mifavorita.com.pa\/2017\/wp-json\/wp\/v2\/categories?post=6385"},{"taxonomy":"post_tag","embeddable":true,"href":"https:\/\/mifavorita.com.pa\/2017\/wp-json\/wp\/v2\/tags?post=6385"}],"curies":[{"name":"wp","href":"https:\/\/api.w.org\/{rel}","templated":true}]}}