{"id":6390,"date":"2022-09-18T19:18:27","date_gmt":"2022-09-18T19:18:27","guid":{"rendered":"https:\/\/mifavorita.com.pa\/2017\/?p=6390"},"modified":"2022-09-18T19:18:28","modified_gmt":"2022-09-18T19:18:28","slug":"en-caballero-esperan-la-ayuda-del-gobierno","status":"publish","type":"post","link":"https:\/\/mifavorita.com.pa\/2017\/en-caballero-esperan-la-ayuda-del-gobierno\/","title":{"rendered":"En Caballero esperan la ayuda del gobierno."},"content":{"rendered":"\n<p>EDILSA GONZ\u00c1LEZ ROCA<br \/>COCL\u00c9.<\/p>\n\n\n\n<p>Intentando volver a la normalidad tras la angustiosa noche vivida el viernes 16 de septiembre, as\u00ed se encuentran los residentes de Los Alveos y Rinc\u00f3n Claro en el corregimiento de Caballero de Ant\u00f3n, algunos a\u00fan rebuscan entre las ruinas de sus casas, otros comienzan a darse cuenta de las p\u00e9rdidas en los cultivos, otros siguen ayudando a los vecinos a reponerse de sus tragedias con la esperanza de que las autoridades del gobierno les brinden la ayuda que requieren.<\/p>\n\n\n\n<p><br>Este domingo la alcald\u00eda de Ant\u00f3n llev\u00f3 algunas ayudas que las personas y empresas les han hecho llegar al centro de acopio instalado en el edificio municipal, especialmente agua y alimentos que por ahora es la prioridad.<\/p>\n\n\n\n<figure class=\"wp-block-image size-large\"><img fetchpriority=\"high\" decoding=\"async\" width=\"768\" height=\"1024\" src=\"https:\/\/mifavorita.com.pa\/2017\/wp-content\/uploads\/2022\/09\/e9a41e2a-a6a4-43af-a904-d5d36b634e65-768x1024.jpg\" class=\"wp-image-6388\" srcset=\"https:\/\/mifavorita.com.pa\/2017\/wp-content\/uploads\/2022\/09\/e9a41e2a-a6a4-43af-a904-d5d36b634e65-768x1024.jpg 768w, https:\/\/mifavorita.com.pa\/2017\/wp-content\/uploads\/2022\/09\/e9a41e2a-a6a4-43af-a904-d5d36b634e65-225x300.jpg 225w, https:\/\/mifavorita.com.pa\/2017\/wp-content\/uploads\/2022\/09\/e9a41e2a-a6a4-43af-a904-d5d36b634e65-1152x1536.jpg 1152w, https:\/\/mifavorita.com.pa\/2017\/wp-content\/uploads\/2022\/09\/e9a41e2a-a6a4-43af-a904-d5d36b634e65.jpg 1200w\" sizes=\"(max-width: 768px) 100vw, 768px\" \/><\/figure>\n\n\n\n<p><br>Erick Dom\u00ednguez, alcalde de Ant\u00f3n detall\u00f3 que varias empresas privadas, la comunidad china y los residentes de Ant\u00f3n hicieron llegar alimentos y agua, otra empresa del \u00e1rea puso a disposici\u00f3n un tractor y el MOP tambi\u00e9n envi\u00f3 equipos para despejar algunos caminos que a\u00fan se encontraban obstruidos.<\/p>\n\n\n\n<p><br>M\u00e1xima Torres, presidente de la Junta de Desarrollo Local de Los Alveos, dijo que la preocupaci\u00f3n de todos es que dada la magnitud de los deslizamientos, la condici\u00f3n de las quebradas algunas de las cuales quedaron obstruidas por los alud, y la condici\u00f3n de riesgo de algunas viviendas puedan volver a sufrir la misma situaci\u00f3n.<\/p>\n\n\n\n<figure class=\"wp-block-image size-large\"><img decoding=\"async\" width=\"768\" height=\"1024\" src=\"https:\/\/mifavorita.com.pa\/2017\/wp-content\/uploads\/2022\/09\/7614eb6a-c22f-43c1-94f7-ce8b59624036-768x1024.jpg\" class=\"wp-image-6389\" srcset=\"https:\/\/mifavorita.com.pa\/2017\/wp-content\/uploads\/2022\/09\/7614eb6a-c22f-43c1-94f7-ce8b59624036-768x1024.jpg 768w, https:\/\/mifavorita.com.pa\/2017\/wp-content\/uploads\/2022\/09\/7614eb6a-c22f-43c1-94f7-ce8b59624036-225x300.jpg 225w, https:\/\/mifavorita.com.pa\/2017\/wp-content\/uploads\/2022\/09\/7614eb6a-c22f-43c1-94f7-ce8b59624036-1152x1536.jpg 1152w, https:\/\/mifavorita.com.pa\/2017\/wp-content\/uploads\/2022\/09\/7614eb6a-c22f-43c1-94f7-ce8b59624036.jpg 1200w\" sizes=\"(max-width: 768px) 100vw, 768px\" \/><\/figure>\n\n\n\n<p><br>Indic\u00f3 que la mayor\u00eda de las familias afectadas no tienen otro lugar donde vivir, es m\u00e1s algunos adultos mayores se niegan a dejar sus casas y por ahora las otras casas en riesgo son albergues para las familias que lo perdieron todo.<\/p>\n\n\n\n<p><br>Pasado el mediod\u00eda de este domingo, m\u00e1s de 36 horas despu\u00e9s del desastre sufrido por estas comunidades, el Sistema Nacional de Protecci\u00f3n Civil en la provincia de Cocl\u00e9 no hab\u00eda dado un informe oficial de da\u00f1os, familias afectadas, situaci\u00f3n de las infraestructuras, apoyo brindado o acciones a tomar por las entidades estatales para dar respuesta a los residentes de estas zonas.<\/p>\n","protected":false},"excerpt":{"rendered":"<p>EDILSA GONZ\u00c1LEZ ROCACOCL\u00c9. Intentando volver a la normalidad tras la angustiosa noche vivida el viernes 16 de septiembre, as\u00ed se encuentran los residentes de Los Alveos y Rinc\u00f3n Claro en el corregimiento de Caballero de Ant\u00f3n, algunos a\u00fan rebuscan entre las ruinas de sus casas, otros comienzan a darse cuenta de las p\u00e9rdidas en los [&hellip;]<\/p>\n","protected":false},"author":2,"featured_media":6387,"comment_status":"closed","ping_status":"open","sticky":false,"template":"","format":"standard","meta":{"footnotes":""},"categories":[1],"tags":[],"class_list":["post-6390","post","type-post","status-publish","format-standard","has-post-thumbnail","hentry","category-noticias"],"_links":{"self":[{"href":"https:\/\/mifavorita.com.pa\/2017\/wp-json\/wp\/v2\/posts\/6390","targetHints":{"allow":["GET"]}}],"collection":[{"href":"https:\/\/mifavorita.com.pa\/2017\/wp-json\/wp\/v2\/posts"}],"about":[{"href":"https:\/\/mifavorita.com.pa\/2017\/wp-json\/wp\/v2\/types\/post"}],"author":[{"embeddable":true,"href":"https:\/\/mifavorita.com.pa\/2017\/wp-json\/wp\/v2\/users\/2"}],"replies":[{"embeddable":true,"href":"https:\/\/mifavorita.com.pa\/2017\/wp-json\/wp\/v2\/comments?post=6390"}],"version-history":[{"count":1,"href":"https:\/\/mifavorita.com.pa\/2017\/wp-json\/wp\/v2\/posts\/6390\/revisions"}],"predecessor-version":[{"id":6391,"href":"https:\/\/mifavorita.com.pa\/2017\/wp-json\/wp\/v2\/posts\/6390\/revisions\/6391"}],"wp:featuredmedia":[{"embeddable":true,"href":"https:\/\/mifavorita.com.pa\/2017\/wp-json\/wp\/v2\/media\/6387"}],"wp:attachment":[{"href":"https:\/\/mifavorita.com.pa\/2017\/wp-json\/wp\/v2\/media?parent=6390"}],"wp:term":[{"taxonomy":"category","embeddable":true,"href":"https:\/\/mifavorita.com.pa\/2017\/wp-json\/wp\/v2\/categories?post=6390"},{"taxonomy":"post_tag","embeddable":true,"href":"https:\/\/mifavorita.com.pa\/2017\/wp-json\/wp\/v2\/tags?post=6390"}],"curies":[{"name":"wp","href":"https:\/\/api.w.org\/{rel}","templated":true}]}}