{"id":6393,"date":"2022-09-19T22:20:47","date_gmt":"2022-09-19T22:20:47","guid":{"rendered":"https:\/\/mifavorita.com.pa\/2017\/?p=6393"},"modified":"2022-09-19T22:20:48","modified_gmt":"2022-09-19T22:20:48","slug":"ley-que-instituye-al-festival-de-sombrero-pintado-busca-proteger-a-los-artesanos","status":"publish","type":"post","link":"https:\/\/mifavorita.com.pa\/2017\/ley-que-instituye-al-festival-de-sombrero-pintado-busca-proteger-a-los-artesanos\/","title":{"rendered":"LEY QUE INSTITUYE AL FESTIVAL DE SOMBRERO PINTADO BUSCA PROTEGER A LOS ARTESANOS"},"content":{"rendered":"\n<p>DAMGELA DE LE\u00d3N<\/p>\n\n\n\n<p>Para proteger y fortalecer la econom\u00eda sostenible que llevan a cabo los artesanos que confeccionan sombreros pintados en el Distrito de La Pintada y en el Norte de Penonom\u00e9, la Asamblea Nacional de Diputados aprob\u00f3 en tercer debate el proyecto de ley 738, el cual crea el Festival Nacional del Sombrero Pintado.<\/p>\n\n\n\n<p>Esta&nbsp;actividad&nbsp;se lleva&nbsp;a cabo desde hace 10&nbsp;a\u00f1os en La Pintada, y&nbsp;anteriormente,&nbsp;s\u00f3lo contaba con una ley que institu\u00eda al 19 de octubre como D\u00eda C\u00edvico&nbsp;del Sombrero Pintado.<\/p>\n\n\n\n<p>La&nbsp;ley tambi\u00e9n conforma un patronato encargado de realizar la actividad, que estar\u00eda integrado&nbsp;por el&nbsp;alcalde de turno como presidente, artesanos, miembros representantes del Ministerio de Educaci\u00f3n y del Ministerio de Cultura, C\u00e1mara de Comercio, C\u00e1mara de Turismo, Presidente del Concejo Municipal y grupos de la sociedad civil.&nbsp;<\/p>\n\n\n\n<p>As\u00ed lo dio a conocer Luis Ernesto Carles, diputado del circuito 2-3, quien explica que muchas familias viven&nbsp;de la actividad de confecci\u00f3n de&nbsp;sombreros y es necesario protegerlos y apoyar a su econom\u00eda de intenciones de falsificar o desmejorar el trabajo que han desarrollado durante generaciones, el cual fue declarado por la UNESCOpatrimonio inmaterial&nbsp;de la humanidad&nbsp;desde el 2011.<\/p>\n\n\n\n<p>El diputado tambi\u00e9n coment\u00f3&nbsp;que se fomenta la protecci\u00f3nde los artesanos&nbsp;a trav\u00e9s de un&nbsp;festival, ya que es una actividad que permite mostrar&nbsp;al p\u00fablico la&nbsp;confecci\u00f3n&nbsp;tan compleja que requieren los sombreros, y&nbsp;que&nbsp;se ofrezca unaventa&nbsp;de&nbsp;manera directa,&nbsp;sin intermediarios.<\/p>\n\n\n\n<p>El&nbsp;Festival cada a\u00f1o&nbsp;contar\u00e1 con un apoyo presupuestario que permita desarrollar las diferentes actividades<a><\/a>&nbsp;por parte del MEDUCA, MiCultura y la ATP, adem\u00e1s, la empresa privada tambi\u00e9n se ha sumado para apoyar econ\u00f3micamente.&nbsp;<\/p>\n\n\n\n<p>Carles dijo que pr\u00f3ximamente se espera el&nbsp;acto de&nbsp;aprobaci\u00f3n de la ley&nbsp;que contar\u00e1 con la participaci\u00f3n de la Ministra&nbsp;de Trabajo,&nbsp;Doris Zapata,&nbsp;ya que los artesanos tambi\u00e9n son trabajadores&nbsp;y se debe velar por sus derechos.&nbsp;<\/p>\n\n\n\n<p> <\/p>\n","protected":false},"excerpt":{"rendered":"<p>DAMGELA DE LE\u00d3N Para proteger y fortalecer la econom\u00eda sostenible que llevan a cabo los artesanos que confeccionan sombreros pintados en el Distrito de La Pintada y en el Norte de Penonom\u00e9, la Asamblea Nacional de Diputados aprob\u00f3 en tercer debate el proyecto de ley 738, el cual crea el Festival Nacional del Sombrero Pintado. [&hellip;]<\/p>\n","protected":false},"author":2,"featured_media":6392,"comment_status":"closed","ping_status":"open","sticky":false,"template":"","format":"standard","meta":{"footnotes":""},"categories":[1],"tags":[],"class_list":["post-6393","post","type-post","status-publish","format-standard","has-post-thumbnail","hentry","category-noticias"],"_links":{"self":[{"href":"https:\/\/mifavorita.com.pa\/2017\/wp-json\/wp\/v2\/posts\/6393","targetHints":{"allow":["GET"]}}],"collection":[{"href":"https:\/\/mifavorita.com.pa\/2017\/wp-json\/wp\/v2\/posts"}],"about":[{"href":"https:\/\/mifavorita.com.pa\/2017\/wp-json\/wp\/v2\/types\/post"}],"author":[{"embeddable":true,"href":"https:\/\/mifavorita.com.pa\/2017\/wp-json\/wp\/v2\/users\/2"}],"replies":[{"embeddable":true,"href":"https:\/\/mifavorita.com.pa\/2017\/wp-json\/wp\/v2\/comments?post=6393"}],"version-history":[{"count":1,"href":"https:\/\/mifavorita.com.pa\/2017\/wp-json\/wp\/v2\/posts\/6393\/revisions"}],"predecessor-version":[{"id":6394,"href":"https:\/\/mifavorita.com.pa\/2017\/wp-json\/wp\/v2\/posts\/6393\/revisions\/6394"}],"wp:featuredmedia":[{"embeddable":true,"href":"https:\/\/mifavorita.com.pa\/2017\/wp-json\/wp\/v2\/media\/6392"}],"wp:attachment":[{"href":"https:\/\/mifavorita.com.pa\/2017\/wp-json\/wp\/v2\/media?parent=6393"}],"wp:term":[{"taxonomy":"category","embeddable":true,"href":"https:\/\/mifavorita.com.pa\/2017\/wp-json\/wp\/v2\/categories?post=6393"},{"taxonomy":"post_tag","embeddable":true,"href":"https:\/\/mifavorita.com.pa\/2017\/wp-json\/wp\/v2\/tags?post=6393"}],"curies":[{"name":"wp","href":"https:\/\/api.w.org\/{rel}","templated":true}]}}