{"id":6396,"date":"2022-09-20T00:09:28","date_gmt":"2022-09-20T00:09:28","guid":{"rendered":"https:\/\/mifavorita.com.pa\/2017\/?p=6396"},"modified":"2022-09-20T00:09:30","modified_gmt":"2022-09-20T00:09:30","slug":"diesiceis-hechos-de-transito-durante-el-fin-de-semana-en-cocle","status":"publish","type":"post","link":"https:\/\/mifavorita.com.pa\/2017\/diesiceis-hechos-de-transito-durante-el-fin-de-semana-en-cocle\/","title":{"rendered":"DIESIC\u00c9IS HECHOS DE TR\u00c1NSITO DURANTE EL FIN DE SEMANA EN COCL\u00c9"},"content":{"rendered":"\n<p>DAMGELA DE LE\u00d3N<a><\/a><\/p>\n\n\n\n<p>Unos 9 lesionados producto de 16 diferentes accidentes de tr\u00e1nsito se registraron durante el s\u00e1bado 17 y domingo 18 de septiembre en la provincia de Cocl\u00e9, esto&nbsp;seg\u00fan los informes de la Direcci\u00f3n Nacional de Operaciones de Tr\u00e1nsito,&nbsp;que detectaron que&nbsp;el alcohol fue el detonante principal en&nbsp;5 de estos hechos,&nbsp;los cuales, por suerte,&nbsp;no ocasionaron v\u00edctimas fatales.<\/p>\n\n\n\n<p>As\u00ed lo mencion\u00f3 Javier de Los Reyes, de la DNOT, quien agreg\u00f3 que fueron sancionados 453 conductores de los cuales, 249 fueron por exceder los l\u00edmites de velocidad y 19 por embriaguez comprobada, a los cuales se les retir\u00f3 el veh\u00edculo.<\/p>\n\n\n\n<p>Tambi\u00e9n dijo que muchos conductores fueron detectados por no portar la licencia, o por mantener una inadecuada para el veh\u00edculo que manejaban,&nbsp;tambi\u00e9n por llantas lisas, y que es sorprendente como los conductores ponen en riesgo su integridad realizando maniobras peligrosas, confi\u00e1ndose del tama\u00f1o de sus autos.&nbsp;<\/p>\n\n\n\n<p>De Los Reyes tambi\u00e9n explic\u00f3 que muchos de los conductores que son sancionados demuestran molestias, pero que la ciudadan\u00eda debe comprender, que muchas de las razones por las que se les aplican las boletas no buscan m\u00e1s que salvaguardar sus vidas, la de sus familias o las de las dem\u00e1s personas.&nbsp;<\/p>\n\n\n\n<p>Hasta la fecha, se contabilizan 25 v\u00edctimas fatales por accidentes de tr\u00e1nsito en Cocl\u00e9, por lo que las autoridades hacen un especial llamado a los conductores y peatones mantener m\u00e1xima precauci\u00f3n en esta temporada de lluvias.<\/p>\n","protected":false},"excerpt":{"rendered":"<p>DAMGELA DE LE\u00d3N Unos 9 lesionados producto de 16 diferentes accidentes de tr\u00e1nsito se registraron durante el s\u00e1bado 17 y domingo 18 de septiembre en la provincia de Cocl\u00e9, esto&nbsp;seg\u00fan los informes de la Direcci\u00f3n Nacional de Operaciones de Tr\u00e1nsito,&nbsp;que detectaron que&nbsp;el alcohol fue el detonante principal en&nbsp;5 de estos hechos,&nbsp;los cuales, por suerte,&nbsp;no ocasionaron [&hellip;]<\/p>\n","protected":false},"author":2,"featured_media":6395,"comment_status":"closed","ping_status":"open","sticky":false,"template":"","format":"standard","meta":{"footnotes":""},"categories":[1],"tags":[],"class_list":["post-6396","post","type-post","status-publish","format-standard","has-post-thumbnail","hentry","category-noticias"],"_links":{"self":[{"href":"https:\/\/mifavorita.com.pa\/2017\/wp-json\/wp\/v2\/posts\/6396","targetHints":{"allow":["GET"]}}],"collection":[{"href":"https:\/\/mifavorita.com.pa\/2017\/wp-json\/wp\/v2\/posts"}],"about":[{"href":"https:\/\/mifavorita.com.pa\/2017\/wp-json\/wp\/v2\/types\/post"}],"author":[{"embeddable":true,"href":"https:\/\/mifavorita.com.pa\/2017\/wp-json\/wp\/v2\/users\/2"}],"replies":[{"embeddable":true,"href":"https:\/\/mifavorita.com.pa\/2017\/wp-json\/wp\/v2\/comments?post=6396"}],"version-history":[{"count":1,"href":"https:\/\/mifavorita.com.pa\/2017\/wp-json\/wp\/v2\/posts\/6396\/revisions"}],"predecessor-version":[{"id":6397,"href":"https:\/\/mifavorita.com.pa\/2017\/wp-json\/wp\/v2\/posts\/6396\/revisions\/6397"}],"wp:featuredmedia":[{"embeddable":true,"href":"https:\/\/mifavorita.com.pa\/2017\/wp-json\/wp\/v2\/media\/6395"}],"wp:attachment":[{"href":"https:\/\/mifavorita.com.pa\/2017\/wp-json\/wp\/v2\/media?parent=6396"}],"wp:term":[{"taxonomy":"category","embeddable":true,"href":"https:\/\/mifavorita.com.pa\/2017\/wp-json\/wp\/v2\/categories?post=6396"},{"taxonomy":"post_tag","embeddable":true,"href":"https:\/\/mifavorita.com.pa\/2017\/wp-json\/wp\/v2\/tags?post=6396"}],"curies":[{"name":"wp","href":"https:\/\/api.w.org\/{rel}","templated":true}]}}