{"id":6401,"date":"2022-09-20T20:35:38","date_gmt":"2022-09-20T20:35:38","guid":{"rendered":"https:\/\/mifavorita.com.pa\/2017\/?p=6401"},"modified":"2022-09-20T20:35:39","modified_gmt":"2022-09-20T20:35:39","slug":"casos-de-dengue-aumentan-en-cocle-minsa-advierte-a-la-poblacion-mantenerse-alerta","status":"publish","type":"post","link":"https:\/\/mifavorita.com.pa\/2017\/casos-de-dengue-aumentan-en-cocle-minsa-advierte-a-la-poblacion-mantenerse-alerta\/","title":{"rendered":"CASOS DE DENGUE AUMENTAN EN COCL\u00c9: MINSA ADVIERTE A LA POBLACI\u00d3N MANTENERSE ALERTA"},"content":{"rendered":"\n<p>DAMGELA DE LE\u00d3N <\/p>\n\n\n\n<p>La provincia de Cocl\u00e9 reporta 43 casos de dengue en lo que va del a\u00f1o 2022, cifra que ha aumentado considerablemente si se compara con el reporte del Ministerio de Salud del mespasado cuando se registraron 17. El distrito con m\u00e1s casos sigue siendo Penonom\u00e9, ubic\u00e1ndose la mayor\u00eda de ellos enChiguir\u00ed Arriba; seguido, el distrito de Aguadulce, en los corregimientos de Barrios Unidos con 6, Virgen del Carmen6 y Pocr\u00ed 4.<\/p>\n\n\n\n<figure class=\"wp-block-image size-large\"><img fetchpriority=\"high\" decoding=\"async\" width=\"540\" height=\"960\" src=\"https:\/\/mifavorita.com.pa\/2017\/wp-content\/uploads\/2022\/09\/b88aaca3-aeb2-48df-b7e1-0e0b9a21428c.jpg\" class=\"wp-image-6399\" srcset=\"https:\/\/mifavorita.com.pa\/2017\/wp-content\/uploads\/2022\/09\/b88aaca3-aeb2-48df-b7e1-0e0b9a21428c.jpg 540w, https:\/\/mifavorita.com.pa\/2017\/wp-content\/uploads\/2022\/09\/b88aaca3-aeb2-48df-b7e1-0e0b9a21428c-169x300.jpg 169w\" sizes=\"(max-width: 540px) 100vw, 540px\" \/><\/figure>\n\n\n\n<p>As\u00ed lo dio a conocer Querube D\u00edaz, del departamento de promoci\u00f3n de la salud del MINSA en Cocl\u00e9,&nbsp;quien se\u00f1al\u00f3 que a pesar de&nbsp;que no ha habido hospitalizados, si es preocupante, escuchemos m\u00e1s\u2026<\/p>\n\n\n\n<p>D\u00edaz tambi\u00e9n mencion\u00f3 que pronto se estar\u00e1 dando promoci\u00f3n al programa de Caza Mosquitos, que a\u00f1o tras a\u00f1o era llevado a las escuelas, y que ahora, integrar\u00e1 tambi\u00e9n a las autoridades de los distritos, empresas, y a la poblaci\u00f3n en general, para que aprendan acerca de la eliminaci\u00f3n de criaderos de mosquitos Aedes Aegypti, transmisor de la enfermedad. <\/p>\n\n\n\n<figure class=\"wp-block-image size-large\"><img decoding=\"async\" width=\"1024\" height=\"768\" src=\"https:\/\/mifavorita.com.pa\/2017\/wp-content\/uploads\/2022\/09\/38cbe949-6b0b-4d2e-8778-eae2d89b8f63-1024x768.jpg\" class=\"wp-image-6400\" srcset=\"https:\/\/mifavorita.com.pa\/2017\/wp-content\/uploads\/2022\/09\/38cbe949-6b0b-4d2e-8778-eae2d89b8f63-1024x768.jpg 1024w, https:\/\/mifavorita.com.pa\/2017\/wp-content\/uploads\/2022\/09\/38cbe949-6b0b-4d2e-8778-eae2d89b8f63-300x225.jpg 300w, https:\/\/mifavorita.com.pa\/2017\/wp-content\/uploads\/2022\/09\/38cbe949-6b0b-4d2e-8778-eae2d89b8f63-768x576.jpg 768w, https:\/\/mifavorita.com.pa\/2017\/wp-content\/uploads\/2022\/09\/38cbe949-6b0b-4d2e-8778-eae2d89b8f63.jpg 1080w\" sizes=\"(max-width: 1024px) 100vw, 1024px\" \/><\/figure>\n\n\n\n<p>El departamento de control de vectores ha realizado jornadas de fumigaci\u00f3n, y aunque son pocos los miembros del equipo en la provincia de Cocl\u00e9, han enfocado sus esfuerzos en orientar a los vecinos de las comunidades que visitan para que mantengan sus espacios limpios, y denuncien a quienes incumplan ante Jueces de Paz.<\/p>\n","protected":false},"excerpt":{"rendered":"<p>DAMGELA DE LE\u00d3N La provincia de Cocl\u00e9 reporta 43 casos de dengue en lo que va del a\u00f1o 2022, cifra que ha aumentado considerablemente si se compara con el reporte del Ministerio de Salud del mespasado cuando se registraron 17. El distrito con m\u00e1s casos sigue siendo Penonom\u00e9, ubic\u00e1ndose la mayor\u00eda de ellos enChiguir\u00ed Arriba; [&hellip;]<\/p>\n","protected":false},"author":2,"featured_media":6398,"comment_status":"closed","ping_status":"open","sticky":false,"template":"","format":"standard","meta":{"footnotes":""},"categories":[1],"tags":[],"class_list":["post-6401","post","type-post","status-publish","format-standard","has-post-thumbnail","hentry","category-noticias"],"_links":{"self":[{"href":"https:\/\/mifavorita.com.pa\/2017\/wp-json\/wp\/v2\/posts\/6401","targetHints":{"allow":["GET"]}}],"collection":[{"href":"https:\/\/mifavorita.com.pa\/2017\/wp-json\/wp\/v2\/posts"}],"about":[{"href":"https:\/\/mifavorita.com.pa\/2017\/wp-json\/wp\/v2\/types\/post"}],"author":[{"embeddable":true,"href":"https:\/\/mifavorita.com.pa\/2017\/wp-json\/wp\/v2\/users\/2"}],"replies":[{"embeddable":true,"href":"https:\/\/mifavorita.com.pa\/2017\/wp-json\/wp\/v2\/comments?post=6401"}],"version-history":[{"count":1,"href":"https:\/\/mifavorita.com.pa\/2017\/wp-json\/wp\/v2\/posts\/6401\/revisions"}],"predecessor-version":[{"id":6402,"href":"https:\/\/mifavorita.com.pa\/2017\/wp-json\/wp\/v2\/posts\/6401\/revisions\/6402"}],"wp:featuredmedia":[{"embeddable":true,"href":"https:\/\/mifavorita.com.pa\/2017\/wp-json\/wp\/v2\/media\/6398"}],"wp:attachment":[{"href":"https:\/\/mifavorita.com.pa\/2017\/wp-json\/wp\/v2\/media?parent=6401"}],"wp:term":[{"taxonomy":"category","embeddable":true,"href":"https:\/\/mifavorita.com.pa\/2017\/wp-json\/wp\/v2\/categories?post=6401"},{"taxonomy":"post_tag","embeddable":true,"href":"https:\/\/mifavorita.com.pa\/2017\/wp-json\/wp\/v2\/tags?post=6401"}],"curies":[{"name":"wp","href":"https:\/\/api.w.org\/{rel}","templated":true}]}}