{"id":6405,"date":"2022-09-20T21:35:15","date_gmt":"2022-09-20T21:35:15","guid":{"rendered":"https:\/\/mifavorita.com.pa\/2017\/?p=6405"},"modified":"2022-09-21T20:53:38","modified_gmt":"2022-09-21T20:53:38","slug":"meduca-coordina-desfiles-con-municipios-de-la-provincia","status":"publish","type":"post","link":"https:\/\/mifavorita.com.pa\/2017\/meduca-coordina-desfiles-con-municipios-de-la-provincia\/","title":{"rendered":"Meduca coordina desfiles con municipios de la provincia"},"content":{"rendered":"\n<p>EDILSA GONZ\u00c1LEZ ROCA<\/p>\n\n\n\n<p>Los estudiantes de escuelas y colegios de la provincia de Cocl\u00e9 que participen en los desfiles durante el mes de noviembre deben tener vigente su seguro estudiantil y cumplir con las normas en cuanto uniformes, adem\u00e1s para poder salir de sus distritos en las delegaciones deben haber sido previamente invitados por el municipio correspondiente y los directivos del colegio haber solicitado el permiso el Ministerio de Educaci\u00f3n.<\/p>\n\n\n\n<p>As\u00ed lo dej\u00f3 claro, la directora regional del Ministerio de Educaci\u00f3n en la provincia, Marianela G\u00f3mez, quien indic\u00f3 que se han hecho reuniones con casi todos los municipios y alcald\u00edas para coordinar con la Comisi\u00f3n de Desfiles el cumplimiento de las normas establecidas en decreto ejecutivo del Meduca que regula la realizaci\u00f3n de desfiles patrios.<\/p>\n\n\n\n<figure class=\"wp-block-image size-large\"><img fetchpriority=\"high\" decoding=\"async\" width=\"1024\" height=\"768\" src=\"https:\/\/mifavorita.com.pa\/2017\/wp-content\/uploads\/2022\/09\/img_6504-1024x768.jpg\" class=\"wp-image-6404\" srcset=\"https:\/\/mifavorita.com.pa\/2017\/wp-content\/uploads\/2022\/09\/img_6504-1024x768.jpg 1024w, https:\/\/mifavorita.com.pa\/2017\/wp-content\/uploads\/2022\/09\/img_6504-300x225.jpg 300w, https:\/\/mifavorita.com.pa\/2017\/wp-content\/uploads\/2022\/09\/img_6504-768x576.jpg 768w, https:\/\/mifavorita.com.pa\/2017\/wp-content\/uploads\/2022\/09\/img_6504-1536x1152.jpg 1536w, https:\/\/mifavorita.com.pa\/2017\/wp-content\/uploads\/2022\/09\/img_6504-2048x1536.jpg 2048w, https:\/\/mifavorita.com.pa\/2017\/wp-content\/uploads\/2022\/09\/img_6504-1200x900.jpg 1200w, https:\/\/mifavorita.com.pa\/2017\/wp-content\/uploads\/2022\/09\/img_6504-1980x1485.jpg 1980w\" sizes=\"(max-width: 1024px) 100vw, 1024px\" \/><\/figure>\n\n\n\n<p>G\u00f3mez hizo \u00e9nfasis en que para que una delegaci\u00f3n estudiantil con sus respectivas bandas de m\u00fasica, participen de los desfiles en cualquiera de los distritos de la provincia o fuera de ella, deben ser invitados y solicitar con por lo menos 15 d\u00edas de antelaci\u00f3n el permiso a la regional del Meduca.<\/p>\n\n\n\n<p>Dijo adem\u00e1s que de igual forma se hacen las coordinaciones con el Ministerio de Salud y otras entidades provinciales que de una manera u otra intervienen en la organizaci\u00f3n, orden y seguridad en los desfiles para que todo se lleve con la debida normalidad.<\/p>\n\n\n\n<p>La directora regional tambi\u00e9n llam\u00f3 la atenci\u00f3n de los directores de colegios y padres de familia a insistir en los estudiantes que se deben guardar ciertas medidas de bioseguridad en sus traslados, alimentaci\u00f3n y dem\u00e1s temas que puedan incidir en su salud porque el Covid-19 no se ha ido y deben cuidarse para evitar situaciones de contagio entre los grupos.<\/p>\n","protected":false},"excerpt":{"rendered":"<p>EDILSA GONZ\u00c1LEZ ROCA Los estudiantes de escuelas y colegios de la provincia de Cocl\u00e9 que participen en los desfiles durante el mes de noviembre deben tener vigente su seguro estudiantil y cumplir con las normas en cuanto uniformes, adem\u00e1s para poder salir de sus distritos en las delegaciones deben haber sido previamente invitados por el [&hellip;]<\/p>\n","protected":false},"author":2,"featured_media":6416,"comment_status":"closed","ping_status":"open","sticky":false,"template":"","format":"standard","meta":{"footnotes":""},"categories":[1],"tags":[],"class_list":["post-6405","post","type-post","status-publish","format-standard","has-post-thumbnail","hentry","category-noticias"],"_links":{"self":[{"href":"https:\/\/mifavorita.com.pa\/2017\/wp-json\/wp\/v2\/posts\/6405","targetHints":{"allow":["GET"]}}],"collection":[{"href":"https:\/\/mifavorita.com.pa\/2017\/wp-json\/wp\/v2\/posts"}],"about":[{"href":"https:\/\/mifavorita.com.pa\/2017\/wp-json\/wp\/v2\/types\/post"}],"author":[{"embeddable":true,"href":"https:\/\/mifavorita.com.pa\/2017\/wp-json\/wp\/v2\/users\/2"}],"replies":[{"embeddable":true,"href":"https:\/\/mifavorita.com.pa\/2017\/wp-json\/wp\/v2\/comments?post=6405"}],"version-history":[{"count":1,"href":"https:\/\/mifavorita.com.pa\/2017\/wp-json\/wp\/v2\/posts\/6405\/revisions"}],"predecessor-version":[{"id":6406,"href":"https:\/\/mifavorita.com.pa\/2017\/wp-json\/wp\/v2\/posts\/6405\/revisions\/6406"}],"wp:featuredmedia":[{"embeddable":true,"href":"https:\/\/mifavorita.com.pa\/2017\/wp-json\/wp\/v2\/media\/6416"}],"wp:attachment":[{"href":"https:\/\/mifavorita.com.pa\/2017\/wp-json\/wp\/v2\/media?parent=6405"}],"wp:term":[{"taxonomy":"category","embeddable":true,"href":"https:\/\/mifavorita.com.pa\/2017\/wp-json\/wp\/v2\/categories?post=6405"},{"taxonomy":"post_tag","embeddable":true,"href":"https:\/\/mifavorita.com.pa\/2017\/wp-json\/wp\/v2\/tags?post=6405"}],"curies":[{"name":"wp","href":"https:\/\/api.w.org\/{rel}","templated":true}]}}