{"id":6414,"date":"2022-09-21T20:52:47","date_gmt":"2022-09-21T20:52:47","guid":{"rendered":"https:\/\/mifavorita.com.pa\/2017\/?p=6414"},"modified":"2022-09-21T20:52:48","modified_gmt":"2022-09-21T20:52:48","slug":"200-jovenes-y-ninos-coclesanos-participan-de-la-red-nacional-de-orquestas","status":"publish","type":"post","link":"https:\/\/mifavorita.com.pa\/2017\/200-jovenes-y-ninos-coclesanos-participan-de-la-red-nacional-de-orquestas\/","title":{"rendered":"200 j\u00f3venes y ni\u00f1os coclesanos participan de la Red Nacional de Orquestas"},"content":{"rendered":"\n<p>EDILSA GONZ\u00c1LEZ ROCA<\/p>\n\n\n\n<p>M\u00e1s de 200 ni\u00f1os y j\u00f3venes coclesanos entre los siete y 26 a\u00f1os participan de la Red Nacional de Orquestas Infantiles y Juveniles de Panam\u00e1, que en estas provincia cuenta con dos m\u00f3dulos, uno en Penonom\u00e9 y otro en Aguadulce, y en los que se prev\u00e9 crear una orquesta sinf\u00f3nica regional.<\/p>\n\n\n\n<p>Se trata de un programa que lleva adelante el Ministerio de Cultura y que cuenta con cuatro programas, uno de iniciaci\u00f3n, una coral, un programa orquestal y un programa de educaci\u00f3n especial para ni\u00f1os con discapacidad.<\/p>\n\n\n\n<figure class=\"wp-block-image size-large\"><img fetchpriority=\"high\" decoding=\"async\" width=\"768\" height=\"1024\" src=\"https:\/\/mifavorita.com.pa\/2017\/wp-content\/uploads\/2022\/09\/db9a334b-5a6f-47f3-80ac-49d5a1bc9967-768x1024.jpg\" class=\"wp-image-6411\" srcset=\"https:\/\/mifavorita.com.pa\/2017\/wp-content\/uploads\/2022\/09\/db9a334b-5a6f-47f3-80ac-49d5a1bc9967-768x1024.jpg 768w, https:\/\/mifavorita.com.pa\/2017\/wp-content\/uploads\/2022\/09\/db9a334b-5a6f-47f3-80ac-49d5a1bc9967-225x300.jpg 225w, https:\/\/mifavorita.com.pa\/2017\/wp-content\/uploads\/2022\/09\/db9a334b-5a6f-47f3-80ac-49d5a1bc9967-1152x1536.jpg 1152w, https:\/\/mifavorita.com.pa\/2017\/wp-content\/uploads\/2022\/09\/db9a334b-5a6f-47f3-80ac-49d5a1bc9967.jpg 1200w\" sizes=\"(max-width: 768px) 100vw, 768px\" \/><\/figure>\n\n\n\n<p>Eber Gonz\u00e1lez, coordinador del M\u00f3dulo Penonom\u00e9 de la Red Nacional de Orquestas Infantiles y Juveniles, destac\u00f3 que los 200 chicos que se inscribieron y est\u00e1n participando de las capacitaciones tienen mucho talento e inter\u00e9s y lo han demostrado en estos seis meses en los que se ha desarrollado el programa.<\/p>\n\n\n\n<p>El programa cuenta con 16 instructores que todos los d\u00edas, s\u00e1bados incluidos, est\u00e1n con los ni\u00f1os y j\u00f3venes ense\u00f1\u00e1ndoles no solo a tocar el instrumento sino tambi\u00e9n la parte te\u00f3rica y lectura musical que son requisitos del programa, que llevan adelante en la escuela Sime\u00f3n Conte, gracias al apoyo de la directora del plantel educativo que les ha abierto las puertas.<\/p>\n\n\n\n<figure class=\"wp-block-image size-large\"><img decoding=\"async\" width=\"1024\" height=\"1024\" src=\"https:\/\/mifavorita.com.pa\/2017\/wp-content\/uploads\/2022\/09\/414b9594-92ee-4250-82cb-8352650a4f34-1024x1024.jpg\" class=\"wp-image-6412\" srcset=\"https:\/\/mifavorita.com.pa\/2017\/wp-content\/uploads\/2022\/09\/414b9594-92ee-4250-82cb-8352650a4f34-1024x1024.jpg 1024w, https:\/\/mifavorita.com.pa\/2017\/wp-content\/uploads\/2022\/09\/414b9594-92ee-4250-82cb-8352650a4f34-300x300.jpg 300w, https:\/\/mifavorita.com.pa\/2017\/wp-content\/uploads\/2022\/09\/414b9594-92ee-4250-82cb-8352650a4f34-150x150.jpg 150w, https:\/\/mifavorita.com.pa\/2017\/wp-content\/uploads\/2022\/09\/414b9594-92ee-4250-82cb-8352650a4f34-768x768.jpg 768w, https:\/\/mifavorita.com.pa\/2017\/wp-content\/uploads\/2022\/09\/414b9594-92ee-4250-82cb-8352650a4f34.jpg 1061w\" sizes=\"(max-width: 1024px) 100vw, 1024px\" \/><\/figure>\n\n\n\n<p>Insisti\u00f3 en que este un programa que busca desarrollar las t\u00e9cnicas de los j\u00f3venes muchos de los cuales pertenecieron a bandas de m\u00fasica de escuelas y que hab\u00edan quedado fuera una vez salieron de sus colegios, pero que les gusta y que en alguna medida ejecutan bien los instrumentos, pero dijo tambi\u00e9n se requiere de permanencia y compromiso, para en unos dos a\u00f1os tener una Orquesta Sinf\u00f3nica local.<\/p>\n\n\n\n<p>Adelant\u00f3 que ya est\u00e1n pensando tambi\u00e9n en abrir una nueva convocatoria para los interesados el pr\u00f3ximo a\u00f1o que podr\u00eda ser enero y para lo cual cuentan con el apoyo de la directora nacional del programa Electra Castillo y tener tambi\u00e9n la parte coral y para lo cual ya dos j\u00f3venes de la provincia se est\u00e1n preparando, para capacitar a los que se inscriban.<\/p>\n\n\n\n<figure class=\"wp-block-image size-large\"><img decoding=\"async\" width=\"1024\" height=\"583\" src=\"https:\/\/mifavorita.com.pa\/2017\/wp-content\/uploads\/2022\/09\/0e4a5b88-557c-4e5c-8a57-1361193bc1c9-1024x583.jpg\" class=\"wp-image-6413\" srcset=\"https:\/\/mifavorita.com.pa\/2017\/wp-content\/uploads\/2022\/09\/0e4a5b88-557c-4e5c-8a57-1361193bc1c9-1024x583.jpg 1024w, https:\/\/mifavorita.com.pa\/2017\/wp-content\/uploads\/2022\/09\/0e4a5b88-557c-4e5c-8a57-1361193bc1c9-300x171.jpg 300w, https:\/\/mifavorita.com.pa\/2017\/wp-content\/uploads\/2022\/09\/0e4a5b88-557c-4e5c-8a57-1361193bc1c9-768x437.jpg 768w, https:\/\/mifavorita.com.pa\/2017\/wp-content\/uploads\/2022\/09\/0e4a5b88-557c-4e5c-8a57-1361193bc1c9.jpg 1067w\" sizes=\"(max-width: 1024px) 100vw, 1024px\" \/><\/figure>\n\n\n\n<p>Se prev\u00e9 que a inicios del mes de noviembre, se realice un concierto tipo retreta en el patio de la escuela Sime\u00f3n Conte todo con m\u00fasica netamente patri\u00f3tica, para dar a conocer los adelantos de los j\u00f3venes y ni\u00f1os y rendir homenaje a la patria.<\/p>\n","protected":false},"excerpt":{"rendered":"<p>EDILSA GONZ\u00c1LEZ ROCA M\u00e1s de 200 ni\u00f1os y j\u00f3venes coclesanos entre los siete y 26 a\u00f1os participan de la Red Nacional de Orquestas Infantiles y Juveniles de Panam\u00e1, que en estas provincia cuenta con dos m\u00f3dulos, uno en Penonom\u00e9 y otro en Aguadulce, y en los que se prev\u00e9 crear una orquesta sinf\u00f3nica regional. Se [&hellip;]<\/p>\n","protected":false},"author":2,"featured_media":6410,"comment_status":"closed","ping_status":"open","sticky":false,"template":"","format":"standard","meta":{"footnotes":""},"categories":[1],"tags":[],"class_list":["post-6414","post","type-post","status-publish","format-standard","has-post-thumbnail","hentry","category-noticias"],"_links":{"self":[{"href":"https:\/\/mifavorita.com.pa\/2017\/wp-json\/wp\/v2\/posts\/6414","targetHints":{"allow":["GET"]}}],"collection":[{"href":"https:\/\/mifavorita.com.pa\/2017\/wp-json\/wp\/v2\/posts"}],"about":[{"href":"https:\/\/mifavorita.com.pa\/2017\/wp-json\/wp\/v2\/types\/post"}],"author":[{"embeddable":true,"href":"https:\/\/mifavorita.com.pa\/2017\/wp-json\/wp\/v2\/users\/2"}],"replies":[{"embeddable":true,"href":"https:\/\/mifavorita.com.pa\/2017\/wp-json\/wp\/v2\/comments?post=6414"}],"version-history":[{"count":1,"href":"https:\/\/mifavorita.com.pa\/2017\/wp-json\/wp\/v2\/posts\/6414\/revisions"}],"predecessor-version":[{"id":6415,"href":"https:\/\/mifavorita.com.pa\/2017\/wp-json\/wp\/v2\/posts\/6414\/revisions\/6415"}],"wp:featuredmedia":[{"embeddable":true,"href":"https:\/\/mifavorita.com.pa\/2017\/wp-json\/wp\/v2\/media\/6410"}],"wp:attachment":[{"href":"https:\/\/mifavorita.com.pa\/2017\/wp-json\/wp\/v2\/media?parent=6414"}],"wp:term":[{"taxonomy":"category","embeddable":true,"href":"https:\/\/mifavorita.com.pa\/2017\/wp-json\/wp\/v2\/categories?post=6414"},{"taxonomy":"post_tag","embeddable":true,"href":"https:\/\/mifavorita.com.pa\/2017\/wp-json\/wp\/v2\/tags?post=6414"}],"curies":[{"name":"wp","href":"https:\/\/api.w.org\/{rel}","templated":true}]}}