{"id":6420,"date":"2022-09-21T22:03:45","date_gmt":"2022-09-21T22:03:45","guid":{"rendered":"https:\/\/mifavorita.com.pa\/2017\/?p=6420"},"modified":"2022-09-21T22:04:04","modified_gmt":"2022-09-21T22:04:04","slug":"se-acerca-el-decimo-festival-del-sombrero-pintado","status":"publish","type":"post","link":"https:\/\/mifavorita.com.pa\/2017\/se-acerca-el-decimo-festival-del-sombrero-pintado\/","title":{"rendered":"SE ACERCA EL D\u00c9CIMO FESTIVAL DEL SOMBRERO PINTADO"},"content":{"rendered":"\n<p>DAMGELA DE LE\u00d3N<\/p>\n\n\n\n<p>Unos 47 artesanos dedicados a la confecci\u00f3n de sombreros pintados, participar\u00e1n de la vereda artesanal&nbsp;del d\u00e9cimo Festival Nacional del Sombrero Pintado en La Pintada de Cocl\u00e9, el cual se celebrar\u00e1 del 21 al 23 de octubre del presente a\u00f1o.&nbsp;<\/p>\n\n\n\n<p>Las actividades dar\u00e1n inicio el viernes 21 a las 7 de la noche, con la coronaci\u00f3n de la reina, la cual fue previamente escogida mediante un concurso en abril pasado, siendoganadora la joven Malena Mart\u00ednez, oriunda del corregimiento de Llano Grande. <\/p>\n\n\n\n<figure class=\"wp-block-image size-large\"><img fetchpriority=\"high\" decoding=\"async\" width=\"300\" height=\"169\" src=\"https:\/\/mifavorita.com.pa\/2017\/wp-content\/uploads\/2022\/09\/1fbcf43a-bed5-44fe-b551-bb9446dd5b39-300x169.jpg\" class=\"wp-image-6418\" srcset=\"https:\/\/mifavorita.com.pa\/2017\/wp-content\/uploads\/2022\/09\/1fbcf43a-bed5-44fe-b551-bb9446dd5b39-300x169.jpg 300w, https:\/\/mifavorita.com.pa\/2017\/wp-content\/uploads\/2022\/09\/1fbcf43a-bed5-44fe-b551-bb9446dd5b39-768x433.jpg 768w, https:\/\/mifavorita.com.pa\/2017\/wp-content\/uploads\/2022\/09\/1fbcf43a-bed5-44fe-b551-bb9446dd5b39.jpg 1024w\" sizes=\"(max-width: 300px) 100vw, 300px\" \/><\/figure>\n\n\n\n<p>Seguido de la coronaci\u00f3n, se inaugurar\u00e1 la feria artesanal que reunir\u00e1 en la plaza principal de La Pintada a artesanos de todas partes del distrito y del Norte de Penonom\u00e9, para ofrecer sus sombreros y mostrar las t\u00e9cnicas confecci\u00f3n de este accesorio fundamental en la&nbsp;indumentaria t\u00edpica paname\u00f1a, y&nbsp;los diferentes tipos que existen.&nbsp;<\/p>\n\n\n\n<p>Luis Ernesto Carles, diputado de La Pintada, indic\u00f3 que a trav\u00e9s de la ley 738, aprobada recientemente en tercer debate, se ha logrado el apoyo econ\u00f3mico para realizar este festival, por lo que el distrito est\u00e1 listo para recibir a todos los visitantes. <\/p>\n\n\n\n<figure class=\"wp-block-image size-large\"><img decoding=\"async\" width=\"1024\" height=\"768\" src=\"https:\/\/mifavorita.com.pa\/2017\/wp-content\/uploads\/2022\/09\/img_6565-1024x768.jpg\" class=\"wp-image-6419\" srcset=\"https:\/\/mifavorita.com.pa\/2017\/wp-content\/uploads\/2022\/09\/img_6565-1024x768.jpg 1024w, https:\/\/mifavorita.com.pa\/2017\/wp-content\/uploads\/2022\/09\/img_6565-300x225.jpg 300w, https:\/\/mifavorita.com.pa\/2017\/wp-content\/uploads\/2022\/09\/img_6565-768x576.jpg 768w, https:\/\/mifavorita.com.pa\/2017\/wp-content\/uploads\/2022\/09\/img_6565-1536x1152.jpg 1536w, https:\/\/mifavorita.com.pa\/2017\/wp-content\/uploads\/2022\/09\/img_6565-2048x1536.jpg 2048w, https:\/\/mifavorita.com.pa\/2017\/wp-content\/uploads\/2022\/09\/img_6565-1200x900.jpg 1200w, https:\/\/mifavorita.com.pa\/2017\/wp-content\/uploads\/2022\/09\/img_6565-1980x1485.jpg 1980w\" sizes=\"(max-width: 1024px) 100vw, 1024px\" \/><\/figure>\n\n\n\n<p>El s\u00e1bado 22&nbsp;se llevar\u00e1 a cabo&nbsp;la tradicional misa del sombrero, \u00fanico d\u00eda en que se permite ingresar al templo&nbsp;consombrero puesto,&nbsp;en donde los artesanos dar\u00e1n gracias por los ingresos que este rubro les ha permitido de generaci\u00f3n en generaci\u00f3n; en la tarde se han dispuesto concursos con categor\u00eda&nbsp;infantil,&nbsp;de adultos, y en donde se premiar\u00e1 al mejor sombrero.&nbsp;<\/p>\n\n\n\n<p>Para el domingo 23 se realizar\u00e1 un desfile folcl\u00f3rico, el cual, seg\u00fan el diputado, contar\u00e1 con la participaci\u00f3n de m\u00e1s de 25 carretas, y tendr\u00e1 como abanderada a la Ministra de Trabajo, Doris Zapata, adem\u00e1s, contar\u00e1n con variados artistas en una tarima de espect\u00e1culos que animar\u00e1n con m\u00fasica t\u00edpica la festividad.<\/p>\n","protected":false},"excerpt":{"rendered":"<p>DAMGELA DE LE\u00d3N Unos 47 artesanos dedicados a la confecci\u00f3n de sombreros pintados, participar\u00e1n de la vereda artesanal&nbsp;del d\u00e9cimo Festival Nacional del Sombrero Pintado en La Pintada de Cocl\u00e9, el cual se celebrar\u00e1 del 21 al 23 de octubre del presente a\u00f1o.&nbsp; Las actividades dar\u00e1n inicio el viernes 21 a las 7 de la noche, [&hellip;]<\/p>\n","protected":false},"author":2,"featured_media":6422,"comment_status":"closed","ping_status":"open","sticky":false,"template":"","format":"standard","meta":{"footnotes":""},"categories":[1],"tags":[],"class_list":["post-6420","post","type-post","status-publish","format-standard","has-post-thumbnail","hentry","category-noticias"],"_links":{"self":[{"href":"https:\/\/mifavorita.com.pa\/2017\/wp-json\/wp\/v2\/posts\/6420","targetHints":{"allow":["GET"]}}],"collection":[{"href":"https:\/\/mifavorita.com.pa\/2017\/wp-json\/wp\/v2\/posts"}],"about":[{"href":"https:\/\/mifavorita.com.pa\/2017\/wp-json\/wp\/v2\/types\/post"}],"author":[{"embeddable":true,"href":"https:\/\/mifavorita.com.pa\/2017\/wp-json\/wp\/v2\/users\/2"}],"replies":[{"embeddable":true,"href":"https:\/\/mifavorita.com.pa\/2017\/wp-json\/wp\/v2\/comments?post=6420"}],"version-history":[{"count":1,"href":"https:\/\/mifavorita.com.pa\/2017\/wp-json\/wp\/v2\/posts\/6420\/revisions"}],"predecessor-version":[{"id":6421,"href":"https:\/\/mifavorita.com.pa\/2017\/wp-json\/wp\/v2\/posts\/6420\/revisions\/6421"}],"wp:featuredmedia":[{"embeddable":true,"href":"https:\/\/mifavorita.com.pa\/2017\/wp-json\/wp\/v2\/media\/6422"}],"wp:attachment":[{"href":"https:\/\/mifavorita.com.pa\/2017\/wp-json\/wp\/v2\/media?parent=6420"}],"wp:term":[{"taxonomy":"category","embeddable":true,"href":"https:\/\/mifavorita.com.pa\/2017\/wp-json\/wp\/v2\/categories?post=6420"},{"taxonomy":"post_tag","embeddable":true,"href":"https:\/\/mifavorita.com.pa\/2017\/wp-json\/wp\/v2\/tags?post=6420"}],"curies":[{"name":"wp","href":"https:\/\/api.w.org\/{rel}","templated":true}]}}