{"id":7182,"date":"2022-12-14T19:42:24","date_gmt":"2022-12-14T19:42:24","guid":{"rendered":"https:\/\/mifavorita.com.pa\/2017\/?p=7182"},"modified":"2022-12-14T19:42:25","modified_gmt":"2022-12-14T19:42:25","slug":"entregan-beneficios-economicos-a-mas-de-80-jovenes-cooperativistas-de-cocle","status":"publish","type":"post","link":"https:\/\/mifavorita.com.pa\/2017\/entregan-beneficios-economicos-a-mas-de-80-jovenes-cooperativistas-de-cocle\/","title":{"rendered":"ENTREGAN BENEFICIOS ECON\u00d3MICOS A M\u00c1S DE 80 J\u00d3VENES COOPERATIVISTAS DE COCL\u00c9"},"content":{"rendered":"\n<p>DAMGELA DE LE\u00d3N<\/p>\n\n\n\n<p>Un total de 85 estudiantes de escuelas primarias, secundarias y universidades de Cocl\u00e9, fueron beneficiados con el programa de apoyos econ\u00f3micos del Instituto Paname\u00f1o Aut\u00f3nomo Cooperativo, siendo \u00e9stos j\u00f3venes cooperativistas o hijos de asociados a cooperativas, principalmente del \u00e1rea norte de la provincia. El acto de entrega fue realizado el martes 13 de diciembre, y se entregaron 61 cheques, entre 200 y 400 balboas, dependiendo del grado al que asistan los chicos. El resto de los cheques, ser\u00e1n entregados durante el resto del mes de<a><\/a>&nbsp;diciembre.&nbsp;<\/p>\n\n\n\n<p>El objetivo principal es incentivar y promover en los j\u00f3venes el activismo cooperativo, y apoyar al seguimiento de sus estudios y creaci\u00f3n de proyectos de emprendimiento para ser parte de la econom\u00eda familiar. <\/p>\n\n\n\n<figure class=\"wp-block-image size-large\"><img fetchpriority=\"high\" decoding=\"async\" width=\"1024\" height=\"768\" src=\"https:\/\/mifavorita.com.pa\/2017\/wp-content\/uploads\/2022\/12\/fccb1b29-ed8e-4adf-af9d-111ed929a7d9-1024x768.jpg\" class=\"wp-image-7180\" srcset=\"https:\/\/mifavorita.com.pa\/2017\/wp-content\/uploads\/2022\/12\/fccb1b29-ed8e-4adf-af9d-111ed929a7d9-1024x768.jpg 1024w, https:\/\/mifavorita.com.pa\/2017\/wp-content\/uploads\/2022\/12\/fccb1b29-ed8e-4adf-af9d-111ed929a7d9-300x225.jpg 300w, https:\/\/mifavorita.com.pa\/2017\/wp-content\/uploads\/2022\/12\/fccb1b29-ed8e-4adf-af9d-111ed929a7d9-768x576.jpg 768w, https:\/\/mifavorita.com.pa\/2017\/wp-content\/uploads\/2022\/12\/fccb1b29-ed8e-4adf-af9d-111ed929a7d9-1536x1152.jpg 1536w, https:\/\/mifavorita.com.pa\/2017\/wp-content\/uploads\/2022\/12\/fccb1b29-ed8e-4adf-af9d-111ed929a7d9-1200x900.jpg 1200w, https:\/\/mifavorita.com.pa\/2017\/wp-content\/uploads\/2022\/12\/fccb1b29-ed8e-4adf-af9d-111ed929a7d9.jpg 1600w\" sizes=\"(max-width: 1024px) 100vw, 1024px\" \/><\/figure>\n\n\n\n<p>As\u00ed lo explic\u00f3 Edgardo Reyes, subdirector nacional del IPACOOP,&nbsp;quien agreg\u00f3 que, como parte del programa, se han invertido 300 mil balboas, para beneficiar a unos mil estudiantes en todo el pa\u00eds, adem\u00e1s que es un programa que desde el 2021, ha crecido, ya que fue un ensayo, y debido al \u00e9xito del mismo, se ha continuado.&nbsp;<\/p>\n\n\n\n<p>Por su parte Hilgan Alvarado, director regional, mencion\u00f3 que este beneficio ha sido todo un \u00e9xito para los padres y estudiantes cooperativistas, ya que han aprovechado el beneficio en inversi\u00f3n a sus negocios, adem\u00e1s que esperan que, para el pr\u00f3ximo a\u00f1o, se beneficien de 100 a 120 estudiantes, a continuaci\u00f3n. <\/p>\n\n\n\n<figure class=\"wp-block-image size-large\"><img decoding=\"async\" width=\"1024\" height=\"768\" src=\"https:\/\/mifavorita.com.pa\/2017\/wp-content\/uploads\/2022\/12\/6cacb78f-b84d-4968-b729-eec02b12ac30-1024x768.jpg\" class=\"wp-image-7181\" srcset=\"https:\/\/mifavorita.com.pa\/2017\/wp-content\/uploads\/2022\/12\/6cacb78f-b84d-4968-b729-eec02b12ac30-1024x768.jpg 1024w, https:\/\/mifavorita.com.pa\/2017\/wp-content\/uploads\/2022\/12\/6cacb78f-b84d-4968-b729-eec02b12ac30-300x225.jpg 300w, https:\/\/mifavorita.com.pa\/2017\/wp-content\/uploads\/2022\/12\/6cacb78f-b84d-4968-b729-eec02b12ac30-768x576.jpg 768w, https:\/\/mifavorita.com.pa\/2017\/wp-content\/uploads\/2022\/12\/6cacb78f-b84d-4968-b729-eec02b12ac30-1536x1152.jpg 1536w, https:\/\/mifavorita.com.pa\/2017\/wp-content\/uploads\/2022\/12\/6cacb78f-b84d-4968-b729-eec02b12ac30-1200x900.jpg 1200w, https:\/\/mifavorita.com.pa\/2017\/wp-content\/uploads\/2022\/12\/6cacb78f-b84d-4968-b729-eec02b12ac30.jpg 1600w\" sizes=\"(max-width: 1024px) 100vw, 1024px\" \/><\/figure>\n\n\n\n<p>Katherine C\u00f3rdoba, fue una de las estudiantes beneficiadas y dice sentirse entusiasmada con el programa, ella pertenece a la Cooperativa de Bachilleres Agropecuarios de La Pintada R, L, del IPT La Pintada, escuchemos lo que coment\u00f3\u2026 Durante el acto tambi\u00e9n se hizo entrega de un apoyo econ\u00f3mico a las cooperativas: Servicios M\u00faltiples Emilia Amparo, R. L. y Productores Agropecuarios R, L, de 5 mil balboas a cada una, por su entusiasmo y para promover el desarrollo de sus novedosos programas.<\/p>\n","protected":false},"excerpt":{"rendered":"<p>DAMGELA DE LE\u00d3N Un total de 85 estudiantes de escuelas primarias, secundarias y universidades de Cocl\u00e9, fueron beneficiados con el programa de apoyos econ\u00f3micos del Instituto Paname\u00f1o Aut\u00f3nomo Cooperativo, siendo \u00e9stos j\u00f3venes cooperativistas o hijos de asociados a cooperativas, principalmente del \u00e1rea norte de la provincia. El acto de entrega fue realizado el martes 13 [&hellip;]<\/p>\n","protected":false},"author":2,"featured_media":7179,"comment_status":"closed","ping_status":"open","sticky":false,"template":"","format":"standard","meta":{"footnotes":""},"categories":[1],"tags":[],"class_list":["post-7182","post","type-post","status-publish","format-standard","has-post-thumbnail","hentry","category-noticias"],"_links":{"self":[{"href":"https:\/\/mifavorita.com.pa\/2017\/wp-json\/wp\/v2\/posts\/7182","targetHints":{"allow":["GET"]}}],"collection":[{"href":"https:\/\/mifavorita.com.pa\/2017\/wp-json\/wp\/v2\/posts"}],"about":[{"href":"https:\/\/mifavorita.com.pa\/2017\/wp-json\/wp\/v2\/types\/post"}],"author":[{"embeddable":true,"href":"https:\/\/mifavorita.com.pa\/2017\/wp-json\/wp\/v2\/users\/2"}],"replies":[{"embeddable":true,"href":"https:\/\/mifavorita.com.pa\/2017\/wp-json\/wp\/v2\/comments?post=7182"}],"version-history":[{"count":1,"href":"https:\/\/mifavorita.com.pa\/2017\/wp-json\/wp\/v2\/posts\/7182\/revisions"}],"predecessor-version":[{"id":7183,"href":"https:\/\/mifavorita.com.pa\/2017\/wp-json\/wp\/v2\/posts\/7182\/revisions\/7183"}],"wp:featuredmedia":[{"embeddable":true,"href":"https:\/\/mifavorita.com.pa\/2017\/wp-json\/wp\/v2\/media\/7179"}],"wp:attachment":[{"href":"https:\/\/mifavorita.com.pa\/2017\/wp-json\/wp\/v2\/media?parent=7182"}],"wp:term":[{"taxonomy":"category","embeddable":true,"href":"https:\/\/mifavorita.com.pa\/2017\/wp-json\/wp\/v2\/categories?post=7182"},{"taxonomy":"post_tag","embeddable":true,"href":"https:\/\/mifavorita.com.pa\/2017\/wp-json\/wp\/v2\/tags?post=7182"}],"curies":[{"name":"wp","href":"https:\/\/api.w.org\/{rel}","templated":true}]}}