{"id":7188,"date":"2022-12-14T20:01:04","date_gmt":"2022-12-14T20:01:04","guid":{"rendered":"https:\/\/mifavorita.com.pa\/2017\/?p=7188"},"modified":"2022-12-14T20:01:05","modified_gmt":"2022-12-14T20:01:05","slug":"ninos-de-segundo-grado-de-la-clelia-celebraron-su-navidad","status":"publish","type":"post","link":"https:\/\/mifavorita.com.pa\/2017\/ninos-de-segundo-grado-de-la-clelia-celebraron-su-navidad\/","title":{"rendered":"Ni\u00f1os de segundo grado de la Clelia celebraron su Navidad"},"content":{"rendered":"\n<p>EDILSA GONZ\u00c1LEZ ROCA <\/p>\n\n\n\n<p>Con mucha alegr\u00eda y algo de nostalgia tambi\u00e9n, por dejar de verse durante los pr\u00f3ximos meses,&nbsp;&nbsp;los ni\u00f1os del II grado C de la Escuela Clelia F de Mart\u00ednez, de la ciudad de Penonom\u00e9, celebraron este 14 de diciembre su fiesta de navidad.<\/p>\n\n\n\n<p>Gracias al esfuerzo y colaboraci\u00f3n de todos los padres de familia y del Maestro Juan Jaramillo, docente del grupo, los ni\u00f1os pudieron disfrutar de una ma\u00f1ana divertida entre cantos, bailes y juegos, regalos, deliciosas comidas, dulces, refrescos y golosinas.<\/p>\n\n\n\n<figure class=\"wp-block-image size-large\"><img fetchpriority=\"high\" decoding=\"async\" width=\"1024\" height=\"576\" src=\"https:\/\/mifavorita.com.pa\/2017\/wp-content\/uploads\/2022\/12\/218f6d46-2fed-4249-a219-a564da8ab9cd-1024x576.jpg\" class=\"wp-image-7186\" srcset=\"https:\/\/mifavorita.com.pa\/2017\/wp-content\/uploads\/2022\/12\/218f6d46-2fed-4249-a219-a564da8ab9cd-1024x576.jpg 1024w, https:\/\/mifavorita.com.pa\/2017\/wp-content\/uploads\/2022\/12\/218f6d46-2fed-4249-a219-a564da8ab9cd-300x169.jpg 300w, https:\/\/mifavorita.com.pa\/2017\/wp-content\/uploads\/2022\/12\/218f6d46-2fed-4249-a219-a564da8ab9cd-768x432.jpg 768w, https:\/\/mifavorita.com.pa\/2017\/wp-content\/uploads\/2022\/12\/218f6d46-2fed-4249-a219-a564da8ab9cd-1200x675.jpg 1200w, https:\/\/mifavorita.com.pa\/2017\/wp-content\/uploads\/2022\/12\/218f6d46-2fed-4249-a219-a564da8ab9cd.jpg 1280w\" sizes=\"(max-width: 1024px) 100vw, 1024px\" \/><\/figure>\n\n\n\n<p>Como invitado especial estuvo presente el Mago Katuto, que encant\u00f3 a los ni\u00f1os con sus trucos de magia y un divertido show que a todos sorprendi\u00f3 por sus grandiosos actos.<\/p>\n\n\n\n<figure class=\"wp-block-image size-large\"><img decoding=\"async\" width=\"1024\" height=\"576\" src=\"https:\/\/mifavorita.com.pa\/2017\/wp-content\/uploads\/2022\/12\/af0b95e6-a7e8-412a-93a5-e0d152bfbf27-1024x576.jpg\" class=\"wp-image-7187\" srcset=\"https:\/\/mifavorita.com.pa\/2017\/wp-content\/uploads\/2022\/12\/af0b95e6-a7e8-412a-93a5-e0d152bfbf27-1024x576.jpg 1024w, https:\/\/mifavorita.com.pa\/2017\/wp-content\/uploads\/2022\/12\/af0b95e6-a7e8-412a-93a5-e0d152bfbf27-300x169.jpg 300w, https:\/\/mifavorita.com.pa\/2017\/wp-content\/uploads\/2022\/12\/af0b95e6-a7e8-412a-93a5-e0d152bfbf27-768x432.jpg 768w, https:\/\/mifavorita.com.pa\/2017\/wp-content\/uploads\/2022\/12\/af0b95e6-a7e8-412a-93a5-e0d152bfbf27-1200x675.jpg 1200w, https:\/\/mifavorita.com.pa\/2017\/wp-content\/uploads\/2022\/12\/af0b95e6-a7e8-412a-93a5-e0d152bfbf27.jpg 1280w\" sizes=\"(max-width: 1024px) 100vw, 1024px\" \/><\/figure>\n\n\n\n<p>\u00a1Feliz Navidad para los chicos del II grado C de la Clelia de Mart\u00ednez!<\/p>\n","protected":false},"excerpt":{"rendered":"<p>EDILSA GONZ\u00c1LEZ ROCA Con mucha alegr\u00eda y algo de nostalgia tambi\u00e9n, por dejar de verse durante los pr\u00f3ximos meses,&nbsp;&nbsp;los ni\u00f1os del II grado C de la Escuela Clelia F de Mart\u00ednez, de la ciudad de Penonom\u00e9, celebraron este 14 de diciembre su fiesta de navidad. Gracias al esfuerzo y colaboraci\u00f3n de todos los padres de [&hellip;]<\/p>\n","protected":false},"author":2,"featured_media":7184,"comment_status":"closed","ping_status":"open","sticky":false,"template":"","format":"standard","meta":{"footnotes":""},"categories":[1],"tags":[],"class_list":["post-7188","post","type-post","status-publish","format-standard","has-post-thumbnail","hentry","category-noticias"],"_links":{"self":[{"href":"https:\/\/mifavorita.com.pa\/2017\/wp-json\/wp\/v2\/posts\/7188","targetHints":{"allow":["GET"]}}],"collection":[{"href":"https:\/\/mifavorita.com.pa\/2017\/wp-json\/wp\/v2\/posts"}],"about":[{"href":"https:\/\/mifavorita.com.pa\/2017\/wp-json\/wp\/v2\/types\/post"}],"author":[{"embeddable":true,"href":"https:\/\/mifavorita.com.pa\/2017\/wp-json\/wp\/v2\/users\/2"}],"replies":[{"embeddable":true,"href":"https:\/\/mifavorita.com.pa\/2017\/wp-json\/wp\/v2\/comments?post=7188"}],"version-history":[{"count":1,"href":"https:\/\/mifavorita.com.pa\/2017\/wp-json\/wp\/v2\/posts\/7188\/revisions"}],"predecessor-version":[{"id":7189,"href":"https:\/\/mifavorita.com.pa\/2017\/wp-json\/wp\/v2\/posts\/7188\/revisions\/7189"}],"wp:featuredmedia":[{"embeddable":true,"href":"https:\/\/mifavorita.com.pa\/2017\/wp-json\/wp\/v2\/media\/7184"}],"wp:attachment":[{"href":"https:\/\/mifavorita.com.pa\/2017\/wp-json\/wp\/v2\/media?parent=7188"}],"wp:term":[{"taxonomy":"category","embeddable":true,"href":"https:\/\/mifavorita.com.pa\/2017\/wp-json\/wp\/v2\/categories?post=7188"},{"taxonomy":"post_tag","embeddable":true,"href":"https:\/\/mifavorita.com.pa\/2017\/wp-json\/wp\/v2\/tags?post=7188"}],"curies":[{"name":"wp","href":"https:\/\/api.w.org\/{rel}","templated":true}]}}