{"id":7192,"date":"2022-12-14T20:44:41","date_gmt":"2022-12-14T20:44:41","guid":{"rendered":"https:\/\/mifavorita.com.pa\/2017\/?p=7192"},"modified":"2022-12-14T20:44:41","modified_gmt":"2022-12-14T20:44:41","slug":"estamentos-de-seguridad-estan-listos-para-las-patronales-de-penonome","status":"publish","type":"post","link":"https:\/\/mifavorita.com.pa\/2017\/estamentos-de-seguridad-estan-listos-para-las-patronales-de-penonome\/","title":{"rendered":"ESTAMENTOS DE SEGURIDAD EST\u00c1N LISTOS PARA LAS PATRONALES DE PENONOM\u00c9"},"content":{"rendered":"\n<p>DAMGELA DE LE\u00d3N<\/p>\n\n\n\n<p>Un aproximado de 600 unidades, ser\u00e1n parte del dispositivo de seguridad que se establecer\u00e1 durante las festividades religiosas y de calle, durante las patronales de la Inmaculada Concepci\u00f3n de Penonom\u00e9, que ser\u00e1n del 15 al 18 de diciembre.&nbsp;<\/p>\n\n\n\n<p>Mediante una reuni\u00f3n sostenida entre los estamentos de seguridad y autoridades locales, se concret\u00f3 la divisi\u00f3n de personal en cada punto del desarrollo de las fiestas, principalmente a lo largo del recorrido de la procesi\u00f3n el jueves 15. <\/p>\n\n\n\n<figure class=\"wp-block-image size-large\"><img fetchpriority=\"high\" decoding=\"async\" width=\"1024\" height=\"768\" src=\"https:\/\/mifavorita.com.pa\/2017\/wp-content\/uploads\/2022\/12\/2f5a01f4-eb47-4893-8631-8a1d4d4951ea-1024x768.jpg\" class=\"wp-image-7191\" srcset=\"https:\/\/mifavorita.com.pa\/2017\/wp-content\/uploads\/2022\/12\/2f5a01f4-eb47-4893-8631-8a1d4d4951ea-1024x768.jpg 1024w, https:\/\/mifavorita.com.pa\/2017\/wp-content\/uploads\/2022\/12\/2f5a01f4-eb47-4893-8631-8a1d4d4951ea-300x225.jpg 300w, https:\/\/mifavorita.com.pa\/2017\/wp-content\/uploads\/2022\/12\/2f5a01f4-eb47-4893-8631-8a1d4d4951ea-768x576.jpg 768w, https:\/\/mifavorita.com.pa\/2017\/wp-content\/uploads\/2022\/12\/2f5a01f4-eb47-4893-8631-8a1d4d4951ea-1200x900.jpg 1200w, https:\/\/mifavorita.com.pa\/2017\/wp-content\/uploads\/2022\/12\/2f5a01f4-eb47-4893-8631-8a1d4d4951ea.jpg 1280w\" sizes=\"(max-width: 1024px) 100vw, 1024px\" \/><\/figure>\n\n\n\n<p>As\u00ed lo explic\u00f3 C\u00e9sar Herrera, jefe de la segunda zona policial de Cocl\u00e9, quien a\u00f1adi\u00f3 la importancia de la colaboraci\u00f3n de la ciudadan\u00eda durante las fiestas, manteni\u00e9ndose atentos ante cualquier situaci\u00f3n y poder acercarse a las unidades policiales desplegadas.<\/p>\n\n\n\n<p>El subcomisionado tambi\u00e9n se\u00f1al\u00f3 que ya se concretaron las acciones policiales para las fiestas navide\u00f1as y de fin de a\u00f1o, sobre todo para el 1 de enero, que esperan el despliegue de muchas personas que se desplacen hacia la provincia, adem\u00e1s, que ya establecieron puntos de control de parte del tr\u00e1nsito, quienes trabajar\u00e1n en conjunto para garantizar la seguridad de todos.<\/p>\n\n\n\n<p>Se espera gran cantidad de visitantes durante la procesi\u00f3n de la Virgen Inmaculada, pero tambi\u00e9n durante las fiestas de calles como corridas de toros, bailes, discotecas, cabalgatas, y dem\u00e1s, que se han organizado en algunos puntos de Penonom\u00e9, por lo que esperan el apoyo de unidades policiales de otras provincias.<\/p>\n","protected":false},"excerpt":{"rendered":"<p>DAMGELA DE LE\u00d3N Un aproximado de 600 unidades, ser\u00e1n parte del dispositivo de seguridad que se establecer\u00e1 durante las festividades religiosas y de calle, durante las patronales de la Inmaculada Concepci\u00f3n de Penonom\u00e9, que ser\u00e1n del 15 al 18 de diciembre.&nbsp; Mediante una reuni\u00f3n sostenida entre los estamentos de seguridad y autoridades locales, se concret\u00f3 [&hellip;]<\/p>\n","protected":false},"author":2,"featured_media":7190,"comment_status":"closed","ping_status":"open","sticky":false,"template":"","format":"standard","meta":{"footnotes":""},"categories":[1],"tags":[],"class_list":["post-7192","post","type-post","status-publish","format-standard","has-post-thumbnail","hentry","category-noticias"],"_links":{"self":[{"href":"https:\/\/mifavorita.com.pa\/2017\/wp-json\/wp\/v2\/posts\/7192","targetHints":{"allow":["GET"]}}],"collection":[{"href":"https:\/\/mifavorita.com.pa\/2017\/wp-json\/wp\/v2\/posts"}],"about":[{"href":"https:\/\/mifavorita.com.pa\/2017\/wp-json\/wp\/v2\/types\/post"}],"author":[{"embeddable":true,"href":"https:\/\/mifavorita.com.pa\/2017\/wp-json\/wp\/v2\/users\/2"}],"replies":[{"embeddable":true,"href":"https:\/\/mifavorita.com.pa\/2017\/wp-json\/wp\/v2\/comments?post=7192"}],"version-history":[{"count":1,"href":"https:\/\/mifavorita.com.pa\/2017\/wp-json\/wp\/v2\/posts\/7192\/revisions"}],"predecessor-version":[{"id":7193,"href":"https:\/\/mifavorita.com.pa\/2017\/wp-json\/wp\/v2\/posts\/7192\/revisions\/7193"}],"wp:featuredmedia":[{"embeddable":true,"href":"https:\/\/mifavorita.com.pa\/2017\/wp-json\/wp\/v2\/media\/7190"}],"wp:attachment":[{"href":"https:\/\/mifavorita.com.pa\/2017\/wp-json\/wp\/v2\/media?parent=7192"}],"wp:term":[{"taxonomy":"category","embeddable":true,"href":"https:\/\/mifavorita.com.pa\/2017\/wp-json\/wp\/v2\/categories?post=7192"},{"taxonomy":"post_tag","embeddable":true,"href":"https:\/\/mifavorita.com.pa\/2017\/wp-json\/wp\/v2\/tags?post=7192"}],"curies":[{"name":"wp","href":"https:\/\/api.w.org\/{rel}","templated":true}]}}