{"id":7195,"date":"2022-12-15T18:38:55","date_gmt":"2022-12-15T18:38:55","guid":{"rendered":"https:\/\/mifavorita.com.pa\/2017\/?p=7195"},"modified":"2022-12-15T18:38:56","modified_gmt":"2022-12-15T18:38:56","slug":"reanudan-citas-para-cirugias-electivas-en-el-hospital-aquilino-tejeira","status":"publish","type":"post","link":"https:\/\/mifavorita.com.pa\/2017\/reanudan-citas-para-cirugias-electivas-en-el-hospital-aquilino-tejeira\/","title":{"rendered":"REANUDAN CITAS PARA CIRUG\u00cdAS ELECTIVAS EN EL HOSPITAL AQUILINO TEJEIRA"},"content":{"rendered":"\n<p>DAMGELA DE LE\u00d3N <\/p>\n\n\n\n<p>Cirug\u00edas pl\u00e1sticas, ortop\u00e9dicas, ginecol\u00f3gicas, y generales, son parte de las opciones en salud que nuevamente tendr\u00e1n los pacientes del Hospital Aquilino Tejeira en Penonom\u00e9 a partir de diciembre de 2022. Y es que desde el 2017, todo tipo de cirug\u00edas de tipo electivas, hab\u00edan sido suspendidas por falta de personal, estructuras y sobre todo equipos para realizarlas.&nbsp;<\/p>\n\n\n\n<p>Manuel C\u00e1rdenas, director M\u00e9dico del Hospital, indic\u00f3 que, por la gesti\u00f3n de fondos del Ministerio de Salud, se logr\u00f3 reinstalaci\u00f3n de los servicios electivos, los cuales han sido divididos en 2 salones de operaciones, nuevos equipos como un arco en c para ortopedia, aireas acondicionados, y la preparaci\u00f3n de personal de enfermer\u00eda en cursos de 6 meses en hospitales cercanos.<\/p>\n\n\n\n<p>C\u00e1rdenas tambi\u00e9n dijo que a partir del 19 de diciembre ya se ha habilitado la apertura de la agenda de citas de consulta externa y para las cirug\u00edas para el a\u00f1o 2023, sin embargo, que primero deben pasar por una serie de requisitos,&nbsp;como la evaluaci\u00f3n de medicina interna,&nbsp;ex\u00e1menes de laboratorio, y donaci\u00f3n de sangre, a parte de las que&nbsp;ya estaban pendientes desde este a\u00f1o.&nbsp;<\/p>\n\n\n\n<p>Este 15 de diciembre de 2022, el Hospital Aquilino Tejeira cumple 72 a\u00f1os de servicio a Penonom\u00e9 y a toda la provincia, sin embargo, muchos han sido los retos, que como hospital de segundo nivel han debido superar.&nbsp;<\/p>\n\n\n\n<p>Para esta rehabilitaci\u00f3n de espacios quir\u00fargicos, se ha invertido un aproximado de 160 mil balboas, y para el pr\u00f3ximo a\u00f1o, seg\u00fan el director m\u00e9dico, esperan dar aperturas a m\u00e1s salones de operaciones, para procedimientos deves\u00edcula, hernias, masas, lipomas, mamas, fracturas de huesos largos, salpingectom\u00edas, ces\u00e1reas, cataratas o injertos de piel.  <\/p>\n","protected":false},"excerpt":{"rendered":"<p>DAMGELA DE LE\u00d3N Cirug\u00edas pl\u00e1sticas, ortop\u00e9dicas, ginecol\u00f3gicas, y generales, son parte de las opciones en salud que nuevamente tendr\u00e1n los pacientes del Hospital Aquilino Tejeira en Penonom\u00e9 a partir de diciembre de 2022. Y es que desde el 2017, todo tipo de cirug\u00edas de tipo electivas, hab\u00edan sido suspendidas por falta de personal, estructuras y [&hellip;]<\/p>\n","protected":false},"author":2,"featured_media":7194,"comment_status":"closed","ping_status":"open","sticky":false,"template":"","format":"standard","meta":{"footnotes":""},"categories":[1],"tags":[],"class_list":["post-7195","post","type-post","status-publish","format-standard","has-post-thumbnail","hentry","category-noticias"],"_links":{"self":[{"href":"https:\/\/mifavorita.com.pa\/2017\/wp-json\/wp\/v2\/posts\/7195","targetHints":{"allow":["GET"]}}],"collection":[{"href":"https:\/\/mifavorita.com.pa\/2017\/wp-json\/wp\/v2\/posts"}],"about":[{"href":"https:\/\/mifavorita.com.pa\/2017\/wp-json\/wp\/v2\/types\/post"}],"author":[{"embeddable":true,"href":"https:\/\/mifavorita.com.pa\/2017\/wp-json\/wp\/v2\/users\/2"}],"replies":[{"embeddable":true,"href":"https:\/\/mifavorita.com.pa\/2017\/wp-json\/wp\/v2\/comments?post=7195"}],"version-history":[{"count":1,"href":"https:\/\/mifavorita.com.pa\/2017\/wp-json\/wp\/v2\/posts\/7195\/revisions"}],"predecessor-version":[{"id":7196,"href":"https:\/\/mifavorita.com.pa\/2017\/wp-json\/wp\/v2\/posts\/7195\/revisions\/7196"}],"wp:featuredmedia":[{"embeddable":true,"href":"https:\/\/mifavorita.com.pa\/2017\/wp-json\/wp\/v2\/media\/7194"}],"wp:attachment":[{"href":"https:\/\/mifavorita.com.pa\/2017\/wp-json\/wp\/v2\/media?parent=7195"}],"wp:term":[{"taxonomy":"category","embeddable":true,"href":"https:\/\/mifavorita.com.pa\/2017\/wp-json\/wp\/v2\/categories?post=7195"},{"taxonomy":"post_tag","embeddable":true,"href":"https:\/\/mifavorita.com.pa\/2017\/wp-json\/wp\/v2\/tags?post=7195"}],"curies":[{"name":"wp","href":"https:\/\/api.w.org\/{rel}","templated":true}]}}