{"id":7204,"date":"2022-12-16T20:39:54","date_gmt":"2022-12-16T20:39:54","guid":{"rendered":"https:\/\/mifavorita.com.pa\/2017\/?p=7204"},"modified":"2022-12-16T20:39:56","modified_gmt":"2022-12-16T20:39:56","slug":"gala-vestuarios-con-historia-iluminara-al-barrio-de-san-antonio-en-penonome","status":"publish","type":"post","link":"https:\/\/mifavorita.com.pa\/2017\/gala-vestuarios-con-historia-iluminara-al-barrio-de-san-antonio-en-penonome\/","title":{"rendered":"GALA VESTUARIOS CON HISTORIA ILUMINAR\u00c1 AL BARRIO DE SAN ANTONIO EN PENONOM\u00c9"},"content":{"rendered":"\n<p>DAMGELA DE LE\u00d3N<\/p>\n\n\n\n<p>Para rescatar la memoria folcl\u00f3rica de Penonom\u00e9, la Junta&nbsp;de Festejos, ha&nbsp;desarrollado una Gala de&nbsp;vestuarios t\u00edpicos penonome\u00f1os con historia, la cual se presentar\u00e1 el viernes 16 de diciembre frente a los portales del Museo en el Barrio Colonial de San Antonio a partir de las 8 de la noche.<\/p>\n\n\n\n<p>Durante la actividad, se presentar\u00e1 al p\u00fablico un modela con sombreros, polleras de gala, polleras montunas y montunos de varones, pertenecientes a personajes del pueblo, los cuales han resguardado esta herencia de generaci\u00f3n en generaci\u00f3n, y que ser\u00e1n modelados por sus propios familiares.&nbsp;<\/p>\n\n\n\n<p>Algunas de las prendas datan de hace m\u00e1s de 100 a\u00f1os, otras de un poco menos, pero que guardan un valor incalculable dentro de la historia del pueblo.&nbsp;<\/p>\n\n\n\n<figure class=\"wp-block-image size-large\"><img fetchpriority=\"high\" decoding=\"async\" width=\"386\" height=\"204\" src=\"https:\/\/mifavorita.com.pa\/2017\/wp-content\/uploads\/2022\/12\/img_3617.jpg\" class=\"wp-image-7203\" srcset=\"https:\/\/mifavorita.com.pa\/2017\/wp-content\/uploads\/2022\/12\/img_3617.jpg 386w, https:\/\/mifavorita.com.pa\/2017\/wp-content\/uploads\/2022\/12\/img_3617-300x159.jpg 300w\" sizes=\"(max-width: 386px) 100vw, 386px\" \/><\/figure>\n\n\n\n<p>Penonom\u00e9 como ciudad, ha desarrollado estilos t\u00edpicos propios como su pollera, la cual utiliza un lazo hecho a partir de cinta al igual que su enjaretado, y tambi\u00e9n que poseen un vuelo en el fald\u00f3n bastante corto, adem\u00e1s que cada familia lograba elaborar sus propias piezas, as\u00ed lo explic\u00f3 Celina Quir\u00f3s, quien es miembro&nbsp;de&nbsp;la Junta de Festejos.&nbsp;<\/p>\n\n\n\n<p>Este proyecto fue dise\u00f1ado desde el 2020 pero por motivos de pandemia, fue suspendido hasta este a\u00f1o, sin embargo, contemplaba m\u00fasicos en vivo con interpretaciones netamente penonome\u00f1as, pero por cuesti\u00f3n del mes de diciemb<a><\/a>re, en el cual congestionan&nbsp;las agendas, se hizo complicado.&nbsp;<\/p>\n\n\n\n<p>Radio est\u00e9reo Mi Favorita transmitir\u00e1 la gala a trav\u00e9s de sus redes sociales, con el objetivo de que todas las personas de distintas comunidades, y a nivel nacional puedan observar lo preparado.<\/p>\n","protected":false},"excerpt":{"rendered":"<p>DAMGELA DE LE\u00d3N Para rescatar la memoria folcl\u00f3rica de Penonom\u00e9, la Junta&nbsp;de Festejos, ha&nbsp;desarrollado una Gala de&nbsp;vestuarios t\u00edpicos penonome\u00f1os con historia, la cual se presentar\u00e1 el viernes 16 de diciembre frente a los portales del Museo en el Barrio Colonial de San Antonio a partir de las 8 de la noche. Durante la actividad, se [&hellip;]<\/p>\n","protected":false},"author":2,"featured_media":7202,"comment_status":"closed","ping_status":"open","sticky":false,"template":"","format":"standard","meta":{"footnotes":""},"categories":[1],"tags":[],"class_list":["post-7204","post","type-post","status-publish","format-standard","has-post-thumbnail","hentry","category-noticias"],"_links":{"self":[{"href":"https:\/\/mifavorita.com.pa\/2017\/wp-json\/wp\/v2\/posts\/7204","targetHints":{"allow":["GET"]}}],"collection":[{"href":"https:\/\/mifavorita.com.pa\/2017\/wp-json\/wp\/v2\/posts"}],"about":[{"href":"https:\/\/mifavorita.com.pa\/2017\/wp-json\/wp\/v2\/types\/post"}],"author":[{"embeddable":true,"href":"https:\/\/mifavorita.com.pa\/2017\/wp-json\/wp\/v2\/users\/2"}],"replies":[{"embeddable":true,"href":"https:\/\/mifavorita.com.pa\/2017\/wp-json\/wp\/v2\/comments?post=7204"}],"version-history":[{"count":1,"href":"https:\/\/mifavorita.com.pa\/2017\/wp-json\/wp\/v2\/posts\/7204\/revisions"}],"predecessor-version":[{"id":7205,"href":"https:\/\/mifavorita.com.pa\/2017\/wp-json\/wp\/v2\/posts\/7204\/revisions\/7205"}],"wp:featuredmedia":[{"embeddable":true,"href":"https:\/\/mifavorita.com.pa\/2017\/wp-json\/wp\/v2\/media\/7202"}],"wp:attachment":[{"href":"https:\/\/mifavorita.com.pa\/2017\/wp-json\/wp\/v2\/media?parent=7204"}],"wp:term":[{"taxonomy":"category","embeddable":true,"href":"https:\/\/mifavorita.com.pa\/2017\/wp-json\/wp\/v2\/categories?post=7204"},{"taxonomy":"post_tag","embeddable":true,"href":"https:\/\/mifavorita.com.pa\/2017\/wp-json\/wp\/v2\/tags?post=7204"}],"curies":[{"name":"wp","href":"https:\/\/api.w.org\/{rel}","templated":true}]}}