{"id":7207,"date":"2022-12-16T21:16:51","date_gmt":"2022-12-16T21:16:51","guid":{"rendered":"https:\/\/mifavorita.com.pa\/2017\/?p=7207"},"modified":"2022-12-16T21:16:53","modified_gmt":"2022-12-16T21:16:53","slug":"hospital-de-penonome-se-prepara-ante-la-llegada-de-las-fiestas-de-fin-de-ano","status":"publish","type":"post","link":"https:\/\/mifavorita.com.pa\/2017\/hospital-de-penonome-se-prepara-ante-la-llegada-de-las-fiestas-de-fin-de-ano\/","title":{"rendered":"HOSPITAL DE PENONOM\u00c9 SE PREPARA ANTE LA LLEGADA DE LAS FIESTAS DE FIN DE A\u00d1O"},"content":{"rendered":"\n<p>DAMGELA DE LE\u00d3N<\/p>\n\n\n\n<p>Con miras a las festividades de fin de a\u00f1o, el Hospital Aquilino Tejeira de Penonom\u00e9, ya se encuentra preparado para el constante movimiento&nbsp;de pacientes&nbsp;en sus instalaciones. Y es&nbsp;que,&nbsp;debido&nbsp;a la movilizaci\u00f3n de personas, reuniones y actividades, el riesgo de accidentesaumenta, tanto de tr\u00e1nsito como dentro de los hogares.&nbsp;<\/p>\n\n\n\n<p>Anualmente las instalaciones de salud establecen una programaci\u00f3n que incluye organizaci\u00f3n de insumos, aumento de personal&nbsp;y aplicaci\u00f3n de turnos extraordinarios en \u00e1reas como registros m\u00e9dicos, urgencia y&nbsp;de&nbsp;enfermer\u00eda.&nbsp;<\/p>\n\n\n\n<p>As\u00ed lo explic\u00f3 Manuel C\u00e1rdenas, director m\u00e9dico del Hospital, quien dijo&nbsp;que los casos dentro de las salas de emergencia aumentan, por lo que mantienen un equipo de gesti\u00f3n de riesgos&nbsp;instalado desde el a\u00f1o pasado, y que se encarga de dar vigilancia a toda la organizaci\u00f3n durante estos d\u00edas. &nbsp;&nbsp;<\/p>\n\n\n\n<p>Sin embargo, muchos dejan de atender sus dolencias durante diciembre, evitando pasar por la sala de hospitalizaci\u00f3n, aumentando los pacientes en el mes de enero, con problemas de presi\u00f3n o az\u00facar. &nbsp;<\/p>\n\n\n\n<p>El director tambi\u00e9n inst\u00f3 a la poblaci\u00f3n a mantener un buen comportamiento&nbsp;y prudencia, sobre todo, en cuanto a bioseguridad, ya que los casos&nbsp;Covid-19&nbsp;han seguido en&nbsp;aumento, y aunque no hay tantos&nbsp;hospitalizados, han seguido llegando pacientes.<\/p>\n\n\n\n<p>Adem\u00e1s, dijo que hay muchas personas con complicaciones respiratorias, sobre todo ni\u00f1os, a los cuales se les ha aplicado la prueba del Covid-19, y han resultado negativos, siendo diagnosticados con bronquitis, asma o neumon\u00eda, por lo que recomienda seguir vacun\u00e1ndose.<\/p>\n","protected":false},"excerpt":{"rendered":"<p>DAMGELA DE LE\u00d3N Con miras a las festividades de fin de a\u00f1o, el Hospital Aquilino Tejeira de Penonom\u00e9, ya se encuentra preparado para el constante movimiento&nbsp;de pacientes&nbsp;en sus instalaciones. Y es&nbsp;que,&nbsp;debido&nbsp;a la movilizaci\u00f3n de personas, reuniones y actividades, el riesgo de accidentesaumenta, tanto de tr\u00e1nsito como dentro de los hogares.&nbsp; Anualmente las instalaciones de salud [&hellip;]<\/p>\n","protected":false},"author":2,"featured_media":7206,"comment_status":"closed","ping_status":"open","sticky":false,"template":"","format":"standard","meta":{"footnotes":""},"categories":[1],"tags":[],"class_list":["post-7207","post","type-post","status-publish","format-standard","has-post-thumbnail","hentry","category-noticias"],"_links":{"self":[{"href":"https:\/\/mifavorita.com.pa\/2017\/wp-json\/wp\/v2\/posts\/7207","targetHints":{"allow":["GET"]}}],"collection":[{"href":"https:\/\/mifavorita.com.pa\/2017\/wp-json\/wp\/v2\/posts"}],"about":[{"href":"https:\/\/mifavorita.com.pa\/2017\/wp-json\/wp\/v2\/types\/post"}],"author":[{"embeddable":true,"href":"https:\/\/mifavorita.com.pa\/2017\/wp-json\/wp\/v2\/users\/2"}],"replies":[{"embeddable":true,"href":"https:\/\/mifavorita.com.pa\/2017\/wp-json\/wp\/v2\/comments?post=7207"}],"version-history":[{"count":1,"href":"https:\/\/mifavorita.com.pa\/2017\/wp-json\/wp\/v2\/posts\/7207\/revisions"}],"predecessor-version":[{"id":7208,"href":"https:\/\/mifavorita.com.pa\/2017\/wp-json\/wp\/v2\/posts\/7207\/revisions\/7208"}],"wp:featuredmedia":[{"embeddable":true,"href":"https:\/\/mifavorita.com.pa\/2017\/wp-json\/wp\/v2\/media\/7206"}],"wp:attachment":[{"href":"https:\/\/mifavorita.com.pa\/2017\/wp-json\/wp\/v2\/media?parent=7207"}],"wp:term":[{"taxonomy":"category","embeddable":true,"href":"https:\/\/mifavorita.com.pa\/2017\/wp-json\/wp\/v2\/categories?post=7207"},{"taxonomy":"post_tag","embeddable":true,"href":"https:\/\/mifavorita.com.pa\/2017\/wp-json\/wp\/v2\/tags?post=7207"}],"curies":[{"name":"wp","href":"https:\/\/api.w.org\/{rel}","templated":true}]}}