{"id":7301,"date":"2023-01-03T20:36:01","date_gmt":"2023-01-03T20:36:01","guid":{"rendered":"https:\/\/mifavorita.com.pa\/2017\/?p=7301"},"modified":"2023-01-03T20:36:02","modified_gmt":"2023-01-03T20:36:02","slug":"playas-de-anton-fueron-las-mas-concurridas-durante-el-fin-de-semana-de-ano-nuevo","status":"publish","type":"post","link":"https:\/\/mifavorita.com.pa\/2017\/playas-de-anton-fueron-las-mas-concurridas-durante-el-fin-de-semana-de-ano-nuevo\/","title":{"rendered":"PLAYAS DE ANT\u00d3N FUERON LAS M\u00c1S CONCURRIDAS DURANTE EL FIN DE SEMANA DE A\u00d1O NUEVO"},"content":{"rendered":"\n<p>DAMGELA DE LE\u00d3N <\/p>\n\n\n\n<p>M\u00e1s de 10 mil 500 ba\u00f1istas asistieron a las playas de Santa Clara y Farall\u00f3n en Cocl\u00e9 durante el fin de semana de A\u00f1o Nuevo, m\u00e1s o menos unas 2 mil personas menos que en a\u00f1os anteriores a la pandemia.&nbsp;<\/p>\n\n\n\n<p>Esto, seg\u00fan c\u00e1lculos del personal del Sistema Nacional de Protecci\u00f3n Civil, quienes se encontraban atendiendo cualquier tipo de incidencias con equipos de guardavidas, param\u00e9dicos y personal de primeros auxilios.<\/p>\n\n\n\n<p>Afortunadamente, los informes del SINAPROC en Cocl\u00e9 no registraron ning\u00fan tipo de hecho lamentable o de magnitud en los asistentes a las zonas cubiertas, tampoco en los balnearios y otros lugares de concurrencia. <\/p>\n\n\n\n<figure class=\"wp-block-image size-large\"><img fetchpriority=\"high\" decoding=\"async\" width=\"1024\" height=\"528\" src=\"https:\/\/mifavorita.com.pa\/2017\/wp-content\/uploads\/2023\/01\/45c01e20-1649-4315-b47a-ba93bb6c1c3f-1024x528.jpg\" class=\"wp-image-7300\" srcset=\"https:\/\/mifavorita.com.pa\/2017\/wp-content\/uploads\/2023\/01\/45c01e20-1649-4315-b47a-ba93bb6c1c3f-1024x528.jpg 1024w, https:\/\/mifavorita.com.pa\/2017\/wp-content\/uploads\/2023\/01\/45c01e20-1649-4315-b47a-ba93bb6c1c3f-300x155.jpg 300w, https:\/\/mifavorita.com.pa\/2017\/wp-content\/uploads\/2023\/01\/45c01e20-1649-4315-b47a-ba93bb6c1c3f-768x396.jpg 768w, https:\/\/mifavorita.com.pa\/2017\/wp-content\/uploads\/2023\/01\/45c01e20-1649-4315-b47a-ba93bb6c1c3f.jpg 1125w\" sizes=\"(max-width: 1024px) 100vw, 1024px\" \/><\/figure>\n\n\n\n<p>Manuel G\u00f3mez, director regional del SINAPROC en Cocl\u00e9, explic\u00f3 que desde el 25 de diciembre se han mantenido visitando las playas m\u00e1s visitadas para brindar&nbsp;protecci\u00f3n, sin embargo, desde el s\u00e1bado 31, comenzaron con el operativo ALPHA de verano y que se extender\u00e1 hasta abril.&nbsp;<\/p>\n\n\n\n<p>El programa consistir\u00e1 en la vigilancia de playas todos los domingos, y las visitas a algunos balnearios, el mismo incluir\u00e1 tambi\u00e9n los d\u00edas de carnaval y la semana santa.&nbsp;<\/p>\n\n\n\n<p>El lunes 2 de enero, se report\u00f3 un incidente en una de las playas del sector de las Gu\u00edas de Ant\u00f3n, en donde un buzo fue impactado por la \u00e9lice de una lancha, resultando gravemente herido y fue trasladado hacia un puesto de control en el \u00e1rea de Panam\u00e1 Oeste, sin embargo, el ciudadano falleci\u00f3.<\/p>\n\n\n\n<p>El director hace un llamado a las personas a extremar los cuidados al visitar playas y r\u00edos, y que el primer anillo de seguridad en estos casos son las familias o acompa\u00f1antes para evitar este tipo de situaciones.<\/p>\n","protected":false},"excerpt":{"rendered":"<p>DAMGELA DE LE\u00d3N M\u00e1s de 10 mil 500 ba\u00f1istas asistieron a las playas de Santa Clara y Farall\u00f3n en Cocl\u00e9 durante el fin de semana de A\u00f1o Nuevo, m\u00e1s o menos unas 2 mil personas menos que en a\u00f1os anteriores a la pandemia.&nbsp; Esto, seg\u00fan c\u00e1lculos del personal del Sistema Nacional de Protecci\u00f3n Civil, quienes [&hellip;]<\/p>\n","protected":false},"author":2,"featured_media":7299,"comment_status":"closed","ping_status":"open","sticky":false,"template":"","format":"standard","meta":{"footnotes":""},"categories":[1],"tags":[],"class_list":["post-7301","post","type-post","status-publish","format-standard","has-post-thumbnail","hentry","category-noticias"],"_links":{"self":[{"href":"https:\/\/mifavorita.com.pa\/2017\/wp-json\/wp\/v2\/posts\/7301","targetHints":{"allow":["GET"]}}],"collection":[{"href":"https:\/\/mifavorita.com.pa\/2017\/wp-json\/wp\/v2\/posts"}],"about":[{"href":"https:\/\/mifavorita.com.pa\/2017\/wp-json\/wp\/v2\/types\/post"}],"author":[{"embeddable":true,"href":"https:\/\/mifavorita.com.pa\/2017\/wp-json\/wp\/v2\/users\/2"}],"replies":[{"embeddable":true,"href":"https:\/\/mifavorita.com.pa\/2017\/wp-json\/wp\/v2\/comments?post=7301"}],"version-history":[{"count":1,"href":"https:\/\/mifavorita.com.pa\/2017\/wp-json\/wp\/v2\/posts\/7301\/revisions"}],"predecessor-version":[{"id":7302,"href":"https:\/\/mifavorita.com.pa\/2017\/wp-json\/wp\/v2\/posts\/7301\/revisions\/7302"}],"wp:featuredmedia":[{"embeddable":true,"href":"https:\/\/mifavorita.com.pa\/2017\/wp-json\/wp\/v2\/media\/7299"}],"wp:attachment":[{"href":"https:\/\/mifavorita.com.pa\/2017\/wp-json\/wp\/v2\/media?parent=7301"}],"wp:term":[{"taxonomy":"category","embeddable":true,"href":"https:\/\/mifavorita.com.pa\/2017\/wp-json\/wp\/v2\/categories?post=7301"},{"taxonomy":"post_tag","embeddable":true,"href":"https:\/\/mifavorita.com.pa\/2017\/wp-json\/wp\/v2\/tags?post=7301"}],"curies":[{"name":"wp","href":"https:\/\/api.w.org\/{rel}","templated":true}]}}