{"id":7305,"date":"2023-01-03T20:52:16","date_gmt":"2023-01-03T20:52:16","guid":{"rendered":"https:\/\/mifavorita.com.pa\/2017\/?p=7305"},"modified":"2023-01-03T20:52:18","modified_gmt":"2023-01-03T20:52:18","slug":"se-aplicaron-mas-de-60-mil-dosis-de-vacunas-contra-la-covid-19-en-cocle-durante-el-2022","status":"publish","type":"post","link":"https:\/\/mifavorita.com.pa\/2017\/se-aplicaron-mas-de-60-mil-dosis-de-vacunas-contra-la-covid-19-en-cocle-durante-el-2022\/","title":{"rendered":"SE APLICARON M\u00c1S DE 60 MIL DOSIS DE VACUNAS CONTRA LA COVID-19 EN COCL\u00c9 DURANTE EL 2022"},"content":{"rendered":"\n<p>DAMGELA DE LE\u00d3N<\/p>\n\n\n\n<p>Unas 69 mil 710 dosis de vacunas contra la covid-19 fueron aplicadas en el 2022 en toda la provincia de Cocl\u00e9 mediante el programa Vac\u00fanate en tu Barrio a cargo del Ministerio de Salud, cifra registrada hasta el 20 de diciembre.&nbsp;<\/p>\n\n\n\n<p>De ese total, se contabiliza un porcentaje de cobertura en la poblaci\u00f3n mayor a 12 a\u00f1os en la 1 y 2 dosis de casi un 100%, en el primer refuerzo de un 60% y&nbsp;14% en el segundo.&nbsp;<\/p>\n\n\n\n<p>En el caso de la poblaci\u00f3n de 5 a 11 a\u00f1os, un 90% de los ni\u00f1os coclesanos se encuentran inmunizados con la primera dosis, un 67% con la segunda y un 7% con la tercera. Un total de 1,265 menores de 6 meses a 4 a\u00f1os fueron vacunados ya con la primera dosis. <\/p>\n\n\n\n<figure class=\"wp-block-image size-large\"><img fetchpriority=\"high\" decoding=\"async\" width=\"1024\" height=\"1000\" src=\"https:\/\/mifavorita.com.pa\/2017\/wp-content\/uploads\/2023\/01\/c451672f-a587-4e96-847c-fdd5c5f62b7b-1024x1000.jpg\" class=\"wp-image-7304\" srcset=\"https:\/\/mifavorita.com.pa\/2017\/wp-content\/uploads\/2023\/01\/c451672f-a587-4e96-847c-fdd5c5f62b7b-1024x1000.jpg 1024w, https:\/\/mifavorita.com.pa\/2017\/wp-content\/uploads\/2023\/01\/c451672f-a587-4e96-847c-fdd5c5f62b7b-300x293.jpg 300w, https:\/\/mifavorita.com.pa\/2017\/wp-content\/uploads\/2023\/01\/c451672f-a587-4e96-847c-fdd5c5f62b7b-768x750.jpg 768w, https:\/\/mifavorita.com.pa\/2017\/wp-content\/uploads\/2023\/01\/c451672f-a587-4e96-847c-fdd5c5f62b7b.jpg 1125w\" sizes=\"(max-width: 1024px) 100vw, 1024px\" \/><\/figure>\n\n\n\n<p>As\u00ed lo dio a conocer Querube D\u00edaz, jefa de promoci\u00f3n de la salud del MINSA en Cocl\u00e9, quien insisti\u00f3 que, aunque hay una alta cobertura de los coclesanos en las primeras dosis, las estad\u00edsticas registraron una baja colocaci\u00f3n de los refuerzos.<\/p>\n\n\n\n<p>La jefa de promoci\u00f3n tambi\u00e9n explic\u00f3 que en caso de que la tarjeta de vacunaci\u00f3n del programa ampliado o del esquema regular, se encuentre en mal estado, es recomendable acudir a la instalaci\u00f3n en donde&nbsp;fueron aplicadas&nbsp;para que sea renovada, y tomarle fotos o copias a antes de que&nbsp;se extrav\u00eden.&nbsp;<\/p>\n\n\n\n<p>El Ministerio de Salud mantuvo la estrategia de vacunaci\u00f3n en plazas comerciales, casas comunales y casa por casa desde mediados del a\u00f1o, en donde se logr\u00f3 ampliar la cantidad de personas inmunizadas en la provincia, contra el Covid-19 y tambi\u00e9n contra otras enfermedades recurrentes.<\/p>\n","protected":false},"excerpt":{"rendered":"<p>DAMGELA DE LE\u00d3N Unas 69 mil 710 dosis de vacunas contra la covid-19 fueron aplicadas en el 2022 en toda la provincia de Cocl\u00e9 mediante el programa Vac\u00fanate en tu Barrio a cargo del Ministerio de Salud, cifra registrada hasta el 20 de diciembre.&nbsp; De ese total, se contabiliza un porcentaje de cobertura en la [&hellip;]<\/p>\n","protected":false},"author":2,"featured_media":7303,"comment_status":"closed","ping_status":"open","sticky":false,"template":"","format":"standard","meta":{"footnotes":""},"categories":[1],"tags":[],"class_list":["post-7305","post","type-post","status-publish","format-standard","has-post-thumbnail","hentry","category-noticias"],"_links":{"self":[{"href":"https:\/\/mifavorita.com.pa\/2017\/wp-json\/wp\/v2\/posts\/7305","targetHints":{"allow":["GET"]}}],"collection":[{"href":"https:\/\/mifavorita.com.pa\/2017\/wp-json\/wp\/v2\/posts"}],"about":[{"href":"https:\/\/mifavorita.com.pa\/2017\/wp-json\/wp\/v2\/types\/post"}],"author":[{"embeddable":true,"href":"https:\/\/mifavorita.com.pa\/2017\/wp-json\/wp\/v2\/users\/2"}],"replies":[{"embeddable":true,"href":"https:\/\/mifavorita.com.pa\/2017\/wp-json\/wp\/v2\/comments?post=7305"}],"version-history":[{"count":1,"href":"https:\/\/mifavorita.com.pa\/2017\/wp-json\/wp\/v2\/posts\/7305\/revisions"}],"predecessor-version":[{"id":7306,"href":"https:\/\/mifavorita.com.pa\/2017\/wp-json\/wp\/v2\/posts\/7305\/revisions\/7306"}],"wp:featuredmedia":[{"embeddable":true,"href":"https:\/\/mifavorita.com.pa\/2017\/wp-json\/wp\/v2\/media\/7303"}],"wp:attachment":[{"href":"https:\/\/mifavorita.com.pa\/2017\/wp-json\/wp\/v2\/media?parent=7305"}],"wp:term":[{"taxonomy":"category","embeddable":true,"href":"https:\/\/mifavorita.com.pa\/2017\/wp-json\/wp\/v2\/categories?post=7305"},{"taxonomy":"post_tag","embeddable":true,"href":"https:\/\/mifavorita.com.pa\/2017\/wp-json\/wp\/v2\/tags?post=7305"}],"curies":[{"name":"wp","href":"https:\/\/api.w.org\/{rel}","templated":true}]}}