{"id":7313,"date":"2023-01-04T00:14:32","date_gmt":"2023-01-04T00:14:32","guid":{"rendered":"https:\/\/mifavorita.com.pa\/2017\/?p=7313"},"modified":"2023-01-04T00:14:34","modified_gmt":"2023-01-04T00:14:34","slug":"centro-penitenciario-de-llano-marin-recibe-600-alevines-de-tilapia","status":"publish","type":"post","link":"https:\/\/mifavorita.com.pa\/2017\/centro-penitenciario-de-llano-marin-recibe-600-alevines-de-tilapia\/","title":{"rendered":"CENTRO PENITENCIARIO DE LLANO MAR\u00cdN RECIBE 600 ALEVINES DE TILAPIA"},"content":{"rendered":"\n<p>DAMGELA DE LE\u00d3N<\/p>\n\n\n\n<p>Unos 600 alevines fueron sembrados en el Centro Penitenciario de Llano Mar\u00edn en Penonom\u00e9, el cual es parte de los proyectos de resocializaci\u00f3n de los privados de libertad, quienes son los principales encargados de administrar y cuidar de los mismos.&nbsp;<\/p>\n\n\n\n<p>Este proyecto busca ser reactivado ya que se hab\u00eda paralizado hace alg\u00fan tiempo. Tambi\u00e9n se realiz\u00f3 la cuarta cosecha de ma\u00edz en las parcelas, y se recorrieron las parcelas de ma\u00edz, yuca, tomate, viveros de platas frutales, maderables y ornamentales, adem\u00e1s del criadero de pollos. <\/p>\n\n\n\n<figure class=\"wp-block-image size-large\"><img fetchpriority=\"high\" decoding=\"async\" width=\"300\" height=\"200\" src=\"https:\/\/mifavorita.com.pa\/2017\/wp-content\/uploads\/2023\/01\/24ab1dc3-542f-4092-b2af-c9b555294355-300x200.jpg\" class=\"wp-image-7312\" srcset=\"https:\/\/mifavorita.com.pa\/2017\/wp-content\/uploads\/2023\/01\/24ab1dc3-542f-4092-b2af-c9b555294355-300x200.jpg 300w, https:\/\/mifavorita.com.pa\/2017\/wp-content\/uploads\/2023\/01\/24ab1dc3-542f-4092-b2af-c9b555294355-768x512.jpg 768w, https:\/\/mifavorita.com.pa\/2017\/wp-content\/uploads\/2023\/01\/24ab1dc3-542f-4092-b2af-c9b555294355.jpg 985w\" sizes=\"(max-width: 300px) 100vw, 300px\" \/><\/figure>\n\n\n\n<p>Para esta actividad se invit\u00f3 a Roger Tejada, Ministro de Gobierno, quien destac\u00f3 que el objetivo primordial de estos proyectos es la edificaci\u00f3n humana en todos los escenarios, en este caso destac\u00f3 a este centro como un modelo para todo el pa\u00eds y que debe ser replicado en otras provincias.&nbsp;<\/p>\n\n\n\n<p>Por su parte, el Director General del Sistema Penitenciario, Euclides Castillo dijo que ya se revisaron las adecuaciones que hay que realizar en el centro para mejorar la reactivaci\u00f3n de la cr\u00eda de tilapias, adem\u00e1s, que pronto comenzar\u00e1n con la siembra de productos de verano como mel\u00f3n, sand\u00eda y la incursi\u00f3n en la cr\u00eda de patos. <\/p>\n\n\n\n<figure class=\"wp-block-image size-large\"><img decoding=\"async\" width=\"300\" height=\"200\" src=\"https:\/\/mifavorita.com.pa\/2017\/wp-content\/uploads\/2023\/01\/11e98fcf-e01f-4a58-b96f-fb4859f38c8d-300x200.jpg\" class=\"wp-image-7311\" srcset=\"https:\/\/mifavorita.com.pa\/2017\/wp-content\/uploads\/2023\/01\/11e98fcf-e01f-4a58-b96f-fb4859f38c8d-300x200.jpg 300w, https:\/\/mifavorita.com.pa\/2017\/wp-content\/uploads\/2023\/01\/11e98fcf-e01f-4a58-b96f-fb4859f38c8d-768x512.jpg 768w, https:\/\/mifavorita.com.pa\/2017\/wp-content\/uploads\/2023\/01\/11e98fcf-e01f-4a58-b96f-fb4859f38c8d.jpg 985w\" sizes=\"(max-width: 300px) 100vw, 300px\" \/><\/figure>\n\n\n\n<p>Durante el acto, los privados de libertad tuvieron la oportunidad de ser orientados por personal de la Autoridad de los Recursos Acu\u00e1ticos de Panam\u00e1, en cuanto al cuidado de los alevines de tilapia, y tambi\u00e9n participaron de la liberaci\u00f3n de los mismos en el lago adaptado para ello.&nbsp;<\/p>\n\n\n\n<p> <\/p>\n","protected":false},"excerpt":{"rendered":"<p>DAMGELA DE LE\u00d3N Unos 600 alevines fueron sembrados en el Centro Penitenciario de Llano Mar\u00edn en Penonom\u00e9, el cual es parte de los proyectos de resocializaci\u00f3n de los privados de libertad, quienes son los principales encargados de administrar y cuidar de los mismos.&nbsp; Este proyecto busca ser reactivado ya que se hab\u00eda paralizado hace alg\u00fan [&hellip;]<\/p>\n","protected":false},"author":2,"featured_media":7310,"comment_status":"closed","ping_status":"open","sticky":false,"template":"","format":"standard","meta":{"footnotes":""},"categories":[1],"tags":[],"class_list":["post-7313","post","type-post","status-publish","format-standard","has-post-thumbnail","hentry","category-noticias"],"_links":{"self":[{"href":"https:\/\/mifavorita.com.pa\/2017\/wp-json\/wp\/v2\/posts\/7313","targetHints":{"allow":["GET"]}}],"collection":[{"href":"https:\/\/mifavorita.com.pa\/2017\/wp-json\/wp\/v2\/posts"}],"about":[{"href":"https:\/\/mifavorita.com.pa\/2017\/wp-json\/wp\/v2\/types\/post"}],"author":[{"embeddable":true,"href":"https:\/\/mifavorita.com.pa\/2017\/wp-json\/wp\/v2\/users\/2"}],"replies":[{"embeddable":true,"href":"https:\/\/mifavorita.com.pa\/2017\/wp-json\/wp\/v2\/comments?post=7313"}],"version-history":[{"count":1,"href":"https:\/\/mifavorita.com.pa\/2017\/wp-json\/wp\/v2\/posts\/7313\/revisions"}],"predecessor-version":[{"id":7314,"href":"https:\/\/mifavorita.com.pa\/2017\/wp-json\/wp\/v2\/posts\/7313\/revisions\/7314"}],"wp:featuredmedia":[{"embeddable":true,"href":"https:\/\/mifavorita.com.pa\/2017\/wp-json\/wp\/v2\/media\/7310"}],"wp:attachment":[{"href":"https:\/\/mifavorita.com.pa\/2017\/wp-json\/wp\/v2\/media?parent=7313"}],"wp:term":[{"taxonomy":"category","embeddable":true,"href":"https:\/\/mifavorita.com.pa\/2017\/wp-json\/wp\/v2\/categories?post=7313"},{"taxonomy":"post_tag","embeddable":true,"href":"https:\/\/mifavorita.com.pa\/2017\/wp-json\/wp\/v2\/tags?post=7313"}],"curies":[{"name":"wp","href":"https:\/\/api.w.org\/{rel}","templated":true}]}}