{"id":7316,"date":"2023-01-04T21:36:24","date_gmt":"2023-01-04T21:36:24","guid":{"rendered":"https:\/\/mifavorita.com.pa\/2017\/?p=7316"},"modified":"2023-01-04T21:36:24","modified_gmt":"2023-01-04T21:36:24","slug":"preparan-actividades-culturales-para-el-mes-de-enero-en-cocle","status":"publish","type":"post","link":"https:\/\/mifavorita.com.pa\/2017\/preparan-actividades-culturales-para-el-mes-de-enero-en-cocle\/","title":{"rendered":"PREPARAN ACTIVIDADES CULTURALES PARA EL MES DE ENERO EN COCL\u00c9"},"content":{"rendered":"\n<p>DAMGELA DE LE\u00d3N<\/p>\n\n\n\n<p>Ferias, presentaciones, cursos y mucho folclor,&nbsp;es parte de la agenda que est\u00e1 llevando a cabo el Ministerio de Cultura en la provincia de Cocl\u00e9 durante el mes de enero de 2023. La programaci\u00f3n dar\u00e1 inicio con el cierre&nbsp;de la gira del grupo de teatro Itinerantes del Centro regional Universitario de Cocl\u00e9, en donde presentar\u00e1n la obra El Retablo de los Duendes el s\u00e1bado 7 en el anfiteatro de San Antonio a las 3 de la tarde.&nbsp;<a><\/a><\/p>\n\n\n\n<p>As\u00ed lo explic\u00f3 Emely Figueroa, directora de MiCultura,&nbsp;quien agreg\u00f3 que est\u00e1n manteniendo comunicaciones con organizaciones de \u00e1reas del norte para plantear proyectos, como en Vaquilla en donde se est\u00e1 buscando restablecer la Feria del Caf\u00e9, y a su vez, en La Mina de Membrillo se han reunido con una cooperativa de mujeres emprendedoras para la creaci\u00f3n de cursos que mejoren sus conocimientos.<\/p>\n\n\n\n<p>La directora tambi\u00e9n dijo que se est\u00e1n organizando para la participaci\u00f3n de la delegaci\u00f3n de la provincia en el Desfile de las Mil Polleras que se realizar\u00e1 el 14 de enero en la Ciudad de Las Tablas, para que se rescate la identidad de las regiones.<\/p>\n\n\n\n<p>Tambi\u00e9n se\u00f1al\u00f3 que comenzar\u00e1n el mi\u00e9rcoles 18 con el primer taller de toque de tambor en conjunto con la Junta Comunal de Penonom\u00e9, en donde y hay 15 j\u00f3venes inscritos, y posteriormente, dictar\u00e1n el taller de baile. En La Pintada, el s\u00e1bado 21 tambi\u00e9n se ha organizado el Primer Festival de la Cumbia del norte, en donde se otorgar\u00e1n premios a las presentaciones y habr\u00e1 muchas actividades.<\/p>\n\n\n\n<p>Finalizando enero se ha planificado el retorno de la Feria de la Naranja en Churuquita Grande, incentivando a todos los participantes a que realicen ranchos netamente artesanales, con el apoyo de la instituci\u00f3n, para el rescate de lo tradicional.<\/p>\n\n\n\n<p>MiCultura tambi\u00e9n est\u00e1 organizando cursos en los diversos distritos de la provincia, con la tem\u00e1tica de Patrimonio Cultural, y otros que ser\u00e1n dictados por el Instituto Nacional de Formaci\u00f3n Profesional y Capacitaci\u00f3n para el DesarrolloHumano.&nbsp;<\/p>\n\n\n\n<p>Tambi\u00e9n, instituciones como la Biblioteca P\u00fablica Fernando Guardia ha abierto sus puertas para dictar cursos a nivel privado de distintas tem\u00e1ticas y para todas las edades, con una m\u00ednima inversi\u00f3n.<\/p>\n","protected":false},"excerpt":{"rendered":"<p>DAMGELA DE LE\u00d3N Ferias, presentaciones, cursos y mucho folclor,&nbsp;es parte de la agenda que est\u00e1 llevando a cabo el Ministerio de Cultura en la provincia de Cocl\u00e9 durante el mes de enero de 2023. La programaci\u00f3n dar\u00e1 inicio con el cierre&nbsp;de la gira del grupo de teatro Itinerantes del Centro regional Universitario de Cocl\u00e9, en [&hellip;]<\/p>\n","protected":false},"author":2,"featured_media":7315,"comment_status":"closed","ping_status":"open","sticky":false,"template":"","format":"standard","meta":{"footnotes":""},"categories":[1],"tags":[],"class_list":["post-7316","post","type-post","status-publish","format-standard","has-post-thumbnail","hentry","category-noticias"],"_links":{"self":[{"href":"https:\/\/mifavorita.com.pa\/2017\/wp-json\/wp\/v2\/posts\/7316","targetHints":{"allow":["GET"]}}],"collection":[{"href":"https:\/\/mifavorita.com.pa\/2017\/wp-json\/wp\/v2\/posts"}],"about":[{"href":"https:\/\/mifavorita.com.pa\/2017\/wp-json\/wp\/v2\/types\/post"}],"author":[{"embeddable":true,"href":"https:\/\/mifavorita.com.pa\/2017\/wp-json\/wp\/v2\/users\/2"}],"replies":[{"embeddable":true,"href":"https:\/\/mifavorita.com.pa\/2017\/wp-json\/wp\/v2\/comments?post=7316"}],"version-history":[{"count":1,"href":"https:\/\/mifavorita.com.pa\/2017\/wp-json\/wp\/v2\/posts\/7316\/revisions"}],"predecessor-version":[{"id":7317,"href":"https:\/\/mifavorita.com.pa\/2017\/wp-json\/wp\/v2\/posts\/7316\/revisions\/7317"}],"wp:featuredmedia":[{"embeddable":true,"href":"https:\/\/mifavorita.com.pa\/2017\/wp-json\/wp\/v2\/media\/7315"}],"wp:attachment":[{"href":"https:\/\/mifavorita.com.pa\/2017\/wp-json\/wp\/v2\/media?parent=7316"}],"wp:term":[{"taxonomy":"category","embeddable":true,"href":"https:\/\/mifavorita.com.pa\/2017\/wp-json\/wp\/v2\/categories?post=7316"},{"taxonomy":"post_tag","embeddable":true,"href":"https:\/\/mifavorita.com.pa\/2017\/wp-json\/wp\/v2\/tags?post=7316"}],"curies":[{"name":"wp","href":"https:\/\/api.w.org\/{rel}","templated":true}]}}