{"id":7320,"date":"2023-01-04T22:49:38","date_gmt":"2023-01-04T22:49:38","guid":{"rendered":"https:\/\/mifavorita.com.pa\/2017\/?p=7320"},"modified":"2023-01-07T13:26:38","modified_gmt":"2023-01-07T13:26:38","slug":"denuncian-irregularidad-en-llenado-de-carros-cisternas-en-anton","status":"publish","type":"post","link":"https:\/\/mifavorita.com.pa\/2017\/denuncian-irregularidad-en-llenado-de-carros-cisternas-en-anton\/","title":{"rendered":"DENUNCIAN IRREGULARIDAD EN LLENADO DE CARROS CISTERNAS EN ANT\u00d3N"},"content":{"rendered":"\n<p>DAR\u00cdO FERN\u00c1NDEZ ALZAMORA<\/p>\n\n\n\n<p><br \/>Luego de una denuncia ciudadana en el programa Opini\u00f3n P\u00fablica en la que se dio a conocer que en d\u00edas pasados hubo varios carros cisterna abasteci\u00e9ndose de agua de diferentes hidrantes en la ciudad de Ant\u00f3n, para supuestamente ser trasladada hacia un hotel de playa del distrito, el Instituto de Acueductos y Alcantarillados Nacionales anunci\u00f3 el inicio de una investigaci\u00f3n.<\/p>\n\n\n\n<p><br \/>Seg\u00fan Anabela Lombardo, directora del Idaan en la provincia de Cocl\u00e9, no hay ninguna autorizaci\u00f3n para la venta de agua en bloque a cisternas privados, por lo que se solicit\u00f3 la intervenci\u00f3n del departamento legal de la instituci\u00f3n para dar con los responsables del uso de estos veh\u00edculos para este abastecimiento ilegal de agua potable.<\/p>\n\n\n\n<figure class=\"wp-block-image size-large\"><img fetchpriority=\"high\" decoding=\"async\" width=\"235\" height=\"300\" src=\"https:\/\/mifavorita.com.pa\/2017\/wp-content\/uploads\/2023\/01\/1ac9905f-644d-4144-85db-85fc5c0bd760-235x300.jpg\" alt=\"\" class=\"wp-image-7319\" srcset=\"https:\/\/mifavorita.com.pa\/2017\/wp-content\/uploads\/2023\/01\/1ac9905f-644d-4144-85db-85fc5c0bd760-235x300.jpg 235w, https:\/\/mifavorita.com.pa\/2017\/wp-content\/uploads\/2023\/01\/1ac9905f-644d-4144-85db-85fc5c0bd760.jpg 714w\" sizes=\"(max-width: 235px) 100vw, 235px\" \/><\/figure>\n\n\n\n<p><br \/>Asegur\u00f3 que a ra\u00edz de este mal abastecimiento, muchos usuarios en Ant\u00f3n se han visto perjudicados pues ha causado fallos en el sistema del acueducto.<\/p>\n\n\n\n<p><br \/>El IDAAN hizo un llamado a la poblaci\u00f3n antonera para que denuncie cualquier mal uso de del vital l\u00edquido.<\/p>\n","protected":false},"excerpt":{"rendered":"<p>DAR\u00cdO FERN\u00c1NDEZ ALZAMORA Luego de una denuncia ciudadana en el programa Opini\u00f3n P\u00fablica en la que se dio a conocer que en d\u00edas pasados hubo varios carros cisterna abasteci\u00e9ndose de agua de diferentes hidrantes en la ciudad de Ant\u00f3n, para supuestamente ser trasladada hacia un hotel de playa del distrito, el Instituto de Acueductos y [&hellip;]<\/p>\n","protected":false},"author":2,"featured_media":7318,"comment_status":"closed","ping_status":"open","sticky":false,"template":"","format":"standard","meta":{"footnotes":""},"categories":[1],"tags":[],"class_list":["post-7320","post","type-post","status-publish","format-standard","has-post-thumbnail","hentry","category-noticias"],"_links":{"self":[{"href":"https:\/\/mifavorita.com.pa\/2017\/wp-json\/wp\/v2\/posts\/7320","targetHints":{"allow":["GET"]}}],"collection":[{"href":"https:\/\/mifavorita.com.pa\/2017\/wp-json\/wp\/v2\/posts"}],"about":[{"href":"https:\/\/mifavorita.com.pa\/2017\/wp-json\/wp\/v2\/types\/post"}],"author":[{"embeddable":true,"href":"https:\/\/mifavorita.com.pa\/2017\/wp-json\/wp\/v2\/users\/2"}],"replies":[{"embeddable":true,"href":"https:\/\/mifavorita.com.pa\/2017\/wp-json\/wp\/v2\/comments?post=7320"}],"version-history":[{"count":2,"href":"https:\/\/mifavorita.com.pa\/2017\/wp-json\/wp\/v2\/posts\/7320\/revisions"}],"predecessor-version":[{"id":7338,"href":"https:\/\/mifavorita.com.pa\/2017\/wp-json\/wp\/v2\/posts\/7320\/revisions\/7338"}],"wp:featuredmedia":[{"embeddable":true,"href":"https:\/\/mifavorita.com.pa\/2017\/wp-json\/wp\/v2\/media\/7318"}],"wp:attachment":[{"href":"https:\/\/mifavorita.com.pa\/2017\/wp-json\/wp\/v2\/media?parent=7320"}],"wp:term":[{"taxonomy":"category","embeddable":true,"href":"https:\/\/mifavorita.com.pa\/2017\/wp-json\/wp\/v2\/categories?post=7320"},{"taxonomy":"post_tag","embeddable":true,"href":"https:\/\/mifavorita.com.pa\/2017\/wp-json\/wp\/v2\/tags?post=7320"}],"curies":[{"name":"wp","href":"https:\/\/api.w.org\/{rel}","templated":true}]}}