{"id":7325,"date":"2023-01-05T23:26:04","date_gmt":"2023-01-05T23:26:04","guid":{"rendered":"https:\/\/mifavorita.com.pa\/2017\/?p=7325"},"modified":"2023-01-05T23:26:05","modified_gmt":"2023-01-05T23:26:05","slug":"empadronadores-visitaran-mas-de-95-mil-casas-en-cocle-durante-los-censos-nacionales-2020","status":"publish","type":"post","link":"https:\/\/mifavorita.com.pa\/2017\/empadronadores-visitaran-mas-de-95-mil-casas-en-cocle-durante-los-censos-nacionales-2020\/","title":{"rendered":"EMPADRONADORES VISITAR\u00c1N M\u00c1S DE 95 MIL CASAS EN COCL\u00c9 DURANTE LOS CENSOS NACIONALES 2020"},"content":{"rendered":"\n<p>DAMGELA DE LE\u00d3N<\/p>\n\n\n\n<p>M\u00e1s de 300 empadronadores ser\u00e1n parte del Censo Nacional&nbsp;2020 en la provincia de Cocl\u00e9, que se realizar\u00e1 del domingo 8 de enero al s\u00e1bado 4 de marzo del presente a\u00f1o. Este a\u00f1o, la mec\u00e1nica de este gran evento estad\u00edstico ha cambiado tanto&nbsp;en tecnolog\u00edas, ya que se llenar\u00e1n las encuestas<a><\/a>&nbsp;en una plataforma digital,&nbsp;como en tiempo, ya que durar\u00e1n 6 semanas.&nbsp;<\/p>\n\n\n\n<p>Los equipos de empadronadores y supervisores visitar\u00e1n los distintos sectores de la provincia en diferentes semanas, sin embargo, no se ha establecido fechas espec\u00edficas. S\u00f3lo en Cocl\u00e9 se estima que sean censadas m\u00e1s de 95 mil casas.<\/p>\n\n\n\n<figure class=\"wp-block-image size-large\"><img fetchpriority=\"high\" decoding=\"async\" width=\"300\" height=\"272\" src=\"https:\/\/mifavorita.com.pa\/2017\/wp-content\/uploads\/2023\/01\/img_5173-300x272.png\" class=\"wp-image-7323\" srcset=\"https:\/\/mifavorita.com.pa\/2017\/wp-content\/uploads\/2023\/01\/img_5173-300x272.png 300w, https:\/\/mifavorita.com.pa\/2017\/wp-content\/uploads\/2023\/01\/img_5173.png 498w\" sizes=\"(max-width: 300px) 100vw, 300px\" \/><\/figure>\n\n\n\n<p>As\u00ed lo explic\u00f3 Aida Quezada, directora regional de Instituto Nacional de Estad\u00edstica y Censos en Cocl\u00e9, quien dio a conocer que el objetivo principal es que nadie se queda fuera de este censo, por lo que en caso en que al ser visitados no se encuentran en casa, los equipos volver\u00e1n las veces necesarias hasta encontrar por lo menos a un informante id\u00f3neo por vivienda que tenga los datos de los habitantes de la misma.&nbsp;<\/p>\n\n\n\n<p>Tambi\u00e9n dijo que es importante identificar a los empadronadores para no mantener temor ante su visita, porlo que tendr\u00e1n atuendos con colores espec\u00edficos como azul para empadronadores y blanco para supervisores, una gorra con el logo del censo y un gafete con su c\u00e9dula de identidad, que puede ser verificada en el portal web censospanama.pa para comprobar que es el empadronador que corresponde al \u00e1rea. <\/p>\n\n\n\n<figure class=\"wp-block-image size-large\"><img decoding=\"async\" width=\"300\" height=\"188\" src=\"https:\/\/mifavorita.com.pa\/2017\/wp-content\/uploads\/2023\/01\/img_5174-300x188.png\" class=\"wp-image-7324\" srcset=\"https:\/\/mifavorita.com.pa\/2017\/wp-content\/uploads\/2023\/01\/img_5174-300x188.png 300w, https:\/\/mifavorita.com.pa\/2017\/wp-content\/uploads\/2023\/01\/img_5174.png 608w\" sizes=\"(max-width: 300px) 100vw, 300px\" \/><\/figure>\n\n\n\n<p>El tiempo de aplicaci\u00f3n de las preguntas, las cuales ya han sido divulgadas a trav\u00e9s del portal&nbsp;web,&nbsp;depende de la cantidad de habitantes por casa, pero&nbsp;puede ser de 10 a 30 minutos. Todos los residentes, nacionales como extranjeros ser\u00e1n censados, ya que no buscan conocer el estatus migratorio, adem\u00e1s todo los infantes y adolescentes tambi\u00e9n ser\u00e1n enlistados.<\/p>\n\n\n\n<p>La directora tambi\u00e9n recomend\u00f3 responder a las preguntas para no caer en sanciones, las cuales son establecidas por la Ley 10 del 22 de enero de 2009, e invit\u00f3 a todos los coclesanos a abrir las puertas de sus casas a este compromiso con el pa\u00eds.<\/p>\n","protected":false},"excerpt":{"rendered":"<p>DAMGELA DE LE\u00d3N M\u00e1s de 300 empadronadores ser\u00e1n parte del Censo Nacional&nbsp;2020 en la provincia de Cocl\u00e9, que se realizar\u00e1 del domingo 8 de enero al s\u00e1bado 4 de marzo del presente a\u00f1o. Este a\u00f1o, la mec\u00e1nica de este gran evento estad\u00edstico ha cambiado tanto&nbsp;en tecnolog\u00edas, ya que se llenar\u00e1n las encuestas&nbsp;en una plataforma digital,&nbsp;como [&hellip;]<\/p>\n","protected":false},"author":2,"featured_media":7322,"comment_status":"closed","ping_status":"open","sticky":false,"template":"","format":"standard","meta":{"footnotes":""},"categories":[1],"tags":[],"class_list":["post-7325","post","type-post","status-publish","format-standard","has-post-thumbnail","hentry","category-noticias"],"_links":{"self":[{"href":"https:\/\/mifavorita.com.pa\/2017\/wp-json\/wp\/v2\/posts\/7325","targetHints":{"allow":["GET"]}}],"collection":[{"href":"https:\/\/mifavorita.com.pa\/2017\/wp-json\/wp\/v2\/posts"}],"about":[{"href":"https:\/\/mifavorita.com.pa\/2017\/wp-json\/wp\/v2\/types\/post"}],"author":[{"embeddable":true,"href":"https:\/\/mifavorita.com.pa\/2017\/wp-json\/wp\/v2\/users\/2"}],"replies":[{"embeddable":true,"href":"https:\/\/mifavorita.com.pa\/2017\/wp-json\/wp\/v2\/comments?post=7325"}],"version-history":[{"count":1,"href":"https:\/\/mifavorita.com.pa\/2017\/wp-json\/wp\/v2\/posts\/7325\/revisions"}],"predecessor-version":[{"id":7326,"href":"https:\/\/mifavorita.com.pa\/2017\/wp-json\/wp\/v2\/posts\/7325\/revisions\/7326"}],"wp:featuredmedia":[{"embeddable":true,"href":"https:\/\/mifavorita.com.pa\/2017\/wp-json\/wp\/v2\/media\/7322"}],"wp:attachment":[{"href":"https:\/\/mifavorita.com.pa\/2017\/wp-json\/wp\/v2\/media?parent=7325"}],"wp:term":[{"taxonomy":"category","embeddable":true,"href":"https:\/\/mifavorita.com.pa\/2017\/wp-json\/wp\/v2\/categories?post=7325"},{"taxonomy":"post_tag","embeddable":true,"href":"https:\/\/mifavorita.com.pa\/2017\/wp-json\/wp\/v2\/tags?post=7325"}],"curies":[{"name":"wp","href":"https:\/\/api.w.org\/{rel}","templated":true}]}}