{"id":7331,"date":"2023-01-06T20:43:20","date_gmt":"2023-01-06T20:43:20","guid":{"rendered":"https:\/\/mifavorita.com.pa\/2017\/?p=7331"},"modified":"2023-01-06T20:43:23","modified_gmt":"2023-01-06T20:43:23","slug":"defensoria-califica-de-inconstitucionales-los-decretos-de-playas-del-municipio-de-anton-y-gobernacion-de-panama-oeste","status":"publish","type":"post","link":"https:\/\/mifavorita.com.pa\/2017\/defensoria-califica-de-inconstitucionales-los-decretos-de-playas-del-municipio-de-anton-y-gobernacion-de-panama-oeste\/","title":{"rendered":"DEFENSOR\u00cdA CALIFICA DE INCONSTITUCIONALES LOS DECRETOS DE PLAYAS DEL MUNICIPIO DE ANT\u00d3N Y GOBERNACI\u00d3N DE PANAM\u00c1 OESTE"},"content":{"rendered":"\n<p>DAMGELA DE LE\u00d3N<\/p>\n\n\n\n<p>Como ilegal y anticonstitucional calific\u00f3 el Defensor del Pueblo, Eduardo Leblanc, al Decreto N\u00b020 del 28 de diciembre de 2022, emitido por la Alcald\u00eda de Ant\u00f3n, el cual regula el buen uso y control de actividades en playas, r\u00edos y todo lo relacionado a las actividades en el litoral pac\u00edfico del distrito, y el cual establece un horario para el ingreso&nbsp;al mar y r\u00edos, al igual que la Resoluci\u00f3n N\u00b0035 emitida&nbsp;por laGobernaci\u00f3n de Panam\u00e1 Oeste, que establece disposiciones similares&nbsp;en cuanto al ingreso a estos lugares p\u00fablicos.&nbsp;<a><\/a><\/p>\n\n\n\n<p>A trav\u00e9s&nbsp;de un mensaje en la cuenta de Twitter del Defensor el jueves 5 de enero, se comunicaba que ya se hab\u00eda consultado el art\u00edculo 258 de la Constituci\u00f3n Nacional y hab\u00edan iniciado los tr\u00e1mites pertinentes para presentar las demandas de inconstitucionalidad sobre ambos decretos, ya que vulneraban el libre uso y goce de las playas.&nbsp;<\/p>\n\n\n\n<p>Luego de ello, anunciaba que enviar\u00edan una nota a cada ente, solicitando que, respetuosamente, se derogaran los mismos para evitar que llegaran al \u00d3rgano Judicial. <\/p>\n\n\n\n<figure class=\"wp-block-image size-large\"><img fetchpriority=\"high\" decoding=\"async\" width=\"768\" height=\"1024\" src=\"https:\/\/mifavorita.com.pa\/2017\/wp-content\/uploads\/2023\/01\/1cc2203a-c722-43c1-bc01-9cb384d10d85-768x1024.jpg\" class=\"wp-image-7330\" srcset=\"https:\/\/mifavorita.com.pa\/2017\/wp-content\/uploads\/2023\/01\/1cc2203a-c722-43c1-bc01-9cb384d10d85-768x1024.jpg 768w, https:\/\/mifavorita.com.pa\/2017\/wp-content\/uploads\/2023\/01\/1cc2203a-c722-43c1-bc01-9cb384d10d85-225x300.jpg 225w, https:\/\/mifavorita.com.pa\/2017\/wp-content\/uploads\/2023\/01\/1cc2203a-c722-43c1-bc01-9cb384d10d85.jpg 780w\" sizes=\"(max-width: 768px) 100vw, 768px\" \/><\/figure>\n\n\n\n<p>El Defensor dijo que los decretos violentan el libre tr\u00e1nsito, ya que se establecen horarios de ingreso y uso de las playas de estos sectores, por ello, realizar\u00edan una notificaci\u00f3n a cada municipio d\u00e1ndoles oportunidad hasta la pr\u00f3xima semana de derogarlo, adem\u00e1s se refiri\u00f3 al control de acceso a&nbsp;estos lugares de recreaci\u00f3n.<\/p>\n\n\n\n<p>Leblanc tambi\u00e9n expres\u00f3 que es importante promover el acceso seguro a los lugares de recreaci\u00f3n natural, pero sin violentar los derechos, y que la vigilancia en los mismos se puede mantener con apoyo de estamentos de seguridad, y anim\u00f3 a que los municipios a adaptar mejor sus lugares tur\u00edsticos p\u00fablicos.<\/p>\n","protected":false},"excerpt":{"rendered":"<p>DAMGELA DE LE\u00d3N Como ilegal y anticonstitucional calific\u00f3 el Defensor del Pueblo, Eduardo Leblanc, al Decreto N\u00b020 del 28 de diciembre de 2022, emitido por la Alcald\u00eda de Ant\u00f3n, el cual regula el buen uso y control de actividades en playas, r\u00edos y todo lo relacionado a las actividades en el litoral pac\u00edfico del distrito, [&hellip;]<\/p>\n","protected":false},"author":2,"featured_media":7329,"comment_status":"closed","ping_status":"open","sticky":false,"template":"","format":"standard","meta":{"footnotes":""},"categories":[1],"tags":[],"class_list":["post-7331","post","type-post","status-publish","format-standard","has-post-thumbnail","hentry","category-noticias"],"_links":{"self":[{"href":"https:\/\/mifavorita.com.pa\/2017\/wp-json\/wp\/v2\/posts\/7331","targetHints":{"allow":["GET"]}}],"collection":[{"href":"https:\/\/mifavorita.com.pa\/2017\/wp-json\/wp\/v2\/posts"}],"about":[{"href":"https:\/\/mifavorita.com.pa\/2017\/wp-json\/wp\/v2\/types\/post"}],"author":[{"embeddable":true,"href":"https:\/\/mifavorita.com.pa\/2017\/wp-json\/wp\/v2\/users\/2"}],"replies":[{"embeddable":true,"href":"https:\/\/mifavorita.com.pa\/2017\/wp-json\/wp\/v2\/comments?post=7331"}],"version-history":[{"count":1,"href":"https:\/\/mifavorita.com.pa\/2017\/wp-json\/wp\/v2\/posts\/7331\/revisions"}],"predecessor-version":[{"id":7332,"href":"https:\/\/mifavorita.com.pa\/2017\/wp-json\/wp\/v2\/posts\/7331\/revisions\/7332"}],"wp:featuredmedia":[{"embeddable":true,"href":"https:\/\/mifavorita.com.pa\/2017\/wp-json\/wp\/v2\/media\/7329"}],"wp:attachment":[{"href":"https:\/\/mifavorita.com.pa\/2017\/wp-json\/wp\/v2\/media?parent=7331"}],"wp:term":[{"taxonomy":"category","embeddable":true,"href":"https:\/\/mifavorita.com.pa\/2017\/wp-json\/wp\/v2\/categories?post=7331"},{"taxonomy":"post_tag","embeddable":true,"href":"https:\/\/mifavorita.com.pa\/2017\/wp-json\/wp\/v2\/tags?post=7331"}],"curies":[{"name":"wp","href":"https:\/\/api.w.org\/{rel}","templated":true}]}}