{"id":7336,"date":"2023-01-06T20:48:53","date_gmt":"2023-01-06T20:48:53","guid":{"rendered":"https:\/\/mifavorita.com.pa\/2017\/?p=7336"},"modified":"2023-01-06T20:48:55","modified_gmt":"2023-01-06T20:48:55","slug":"cientos-de-feligreses-acudieron-al-lavatorio-de-los-pies-del-cristo-de-esquipulas-en-anton","status":"publish","type":"post","link":"https:\/\/mifavorita.com.pa\/2017\/cientos-de-feligreses-acudieron-al-lavatorio-de-los-pies-del-cristo-de-esquipulas-en-anton\/","title":{"rendered":"CIENTOS DE FELIGRESES ACUDIERON AL LAVATORIO DE LOS PIES DEL CRISTO DE ESQUIPULAS EN ANT\u00d3N"},"content":{"rendered":"\n<p> DAMGELA DE LE\u00d3N <\/p>\n\n\n\n<p>Con el tradicional lavatorio de pies, cambio de sudario y cabellera, el pueblo de Ant\u00f3n dio inicio el viernes 6 de enero a las festividades religiosas de su Santo Patr\u00f3n, el Cristo de Esquipulas, que es venerado por muchos feligreses de todo el pa\u00eds.&nbsp;<\/p>\n\n\n\n<p>Luego de 2 a\u00f1os sin las actividades multitudinarias, cientos de personas llegaron desde tempranas horas a la Iglesia San Juan Bautista para esperar la misa que comenz\u00f3 a las 12 mediod\u00eda, para posteriormente ser parte del lavatorio. <\/p>\n\n\n\n<figure class=\"wp-block-image size-large\"><img fetchpriority=\"high\" decoding=\"async\" width=\"1024\" height=\"768\" src=\"https:\/\/mifavorita.com.pa\/2017\/wp-content\/uploads\/2023\/01\/2c2d34ca-fd97-4a73-8929-3de858bb4271-1024x768.jpg\" class=\"wp-image-7334\" srcset=\"https:\/\/mifavorita.com.pa\/2017\/wp-content\/uploads\/2023\/01\/2c2d34ca-fd97-4a73-8929-3de858bb4271-1024x768.jpg 1024w, https:\/\/mifavorita.com.pa\/2017\/wp-content\/uploads\/2023\/01\/2c2d34ca-fd97-4a73-8929-3de858bb4271-300x225.jpg 300w, https:\/\/mifavorita.com.pa\/2017\/wp-content\/uploads\/2023\/01\/2c2d34ca-fd97-4a73-8929-3de858bb4271-768x576.jpg 768w, https:\/\/mifavorita.com.pa\/2017\/wp-content\/uploads\/2023\/01\/2c2d34ca-fd97-4a73-8929-3de858bb4271-1536x1152.jpg 1536w, https:\/\/mifavorita.com.pa\/2017\/wp-content\/uploads\/2023\/01\/2c2d34ca-fd97-4a73-8929-3de858bb4271-1200x900.jpg 1200w, https:\/\/mifavorita.com.pa\/2017\/wp-content\/uploads\/2023\/01\/2c2d34ca-fd97-4a73-8929-3de858bb4271.jpg 1600w\" sizes=\"(max-width: 1024px) 100vw, 1024px\" \/><\/figure>\n\n\n\n<p>Como cada a\u00f1o, una familia se encarga de la donaci\u00f3n del sudario, confeccionado artesanalmente, y que cubre la parte inferior de la imagen. Seg\u00fan el p\u00e1rroco Teobaldo Quir\u00f3s, encargado de la Iglesia, estos cambios significan una docencia para los feligreses para realizar un cambio de sus corazones, a uno limpio y nuevo entregado a Dios.<\/p>\n\n\n\n<figure class=\"wp-block-image size-large\"><img decoding=\"async\" width=\"1024\" height=\"678\" src=\"https:\/\/mifavorita.com.pa\/2017\/wp-content\/uploads\/2023\/01\/89fbed0a-c289-4ec3-a172-ac9a29c6b318-1024x678.jpg\" class=\"wp-image-7335\" srcset=\"https:\/\/mifavorita.com.pa\/2017\/wp-content\/uploads\/2023\/01\/89fbed0a-c289-4ec3-a172-ac9a29c6b318-1024x678.jpg 1024w, https:\/\/mifavorita.com.pa\/2017\/wp-content\/uploads\/2023\/01\/89fbed0a-c289-4ec3-a172-ac9a29c6b318-300x199.jpg 300w, https:\/\/mifavorita.com.pa\/2017\/wp-content\/uploads\/2023\/01\/89fbed0a-c289-4ec3-a172-ac9a29c6b318-768x508.jpg 768w, https:\/\/mifavorita.com.pa\/2017\/wp-content\/uploads\/2023\/01\/89fbed0a-c289-4ec3-a172-ac9a29c6b318-1536x1017.jpg 1536w, https:\/\/mifavorita.com.pa\/2017\/wp-content\/uploads\/2023\/01\/89fbed0a-c289-4ec3-a172-ac9a29c6b318-1200x794.jpg 1200w, https:\/\/mifavorita.com.pa\/2017\/wp-content\/uploads\/2023\/01\/89fbed0a-c289-4ec3-a172-ac9a29c6b318.jpg 1600w\" sizes=\"(max-width: 1024px) 100vw, 1024px\" \/><\/figure>\n\n\n\n<p>El p\u00e1rroco tambi\u00e9n record\u00f3 que el lavatorio de los pies recuerda aquel acto de humildad y amor que Jes\u00fas les demostraba a los&nbsp;dem\u00e1s, para mandarlos a servir y evangelizar; indic\u00f3 tambi\u00e9n que&nbsp;es importante que los feligreses lleven la alegr\u00eda de estas fiestas siempre en sus vidas.<\/p>\n\n\n\n<p>Muchos peregrinos llevaron sus botellas con agua para bendecir, por lo que se organiz\u00f3 la distribuci\u00f3n desde un dispensador de gran tama\u00f1o, sin embargo, la emoci\u00f3n del momento ocasion\u00f3 que algunos formaran largas filas para obtenerla.<\/p>\n","protected":false},"excerpt":{"rendered":"<p>DAMGELA DE LE\u00d3N Con el tradicional lavatorio de pies, cambio de sudario y cabellera, el pueblo de Ant\u00f3n dio inicio el viernes 6 de enero a las festividades religiosas de su Santo Patr\u00f3n, el Cristo de Esquipulas, que es venerado por muchos feligreses de todo el pa\u00eds.&nbsp; Luego de 2 a\u00f1os sin las actividades multitudinarias, [&hellip;]<\/p>\n","protected":false},"author":2,"featured_media":7333,"comment_status":"closed","ping_status":"open","sticky":false,"template":"","format":"standard","meta":{"footnotes":""},"categories":[1],"tags":[],"class_list":["post-7336","post","type-post","status-publish","format-standard","has-post-thumbnail","hentry","category-noticias"],"_links":{"self":[{"href":"https:\/\/mifavorita.com.pa\/2017\/wp-json\/wp\/v2\/posts\/7336","targetHints":{"allow":["GET"]}}],"collection":[{"href":"https:\/\/mifavorita.com.pa\/2017\/wp-json\/wp\/v2\/posts"}],"about":[{"href":"https:\/\/mifavorita.com.pa\/2017\/wp-json\/wp\/v2\/types\/post"}],"author":[{"embeddable":true,"href":"https:\/\/mifavorita.com.pa\/2017\/wp-json\/wp\/v2\/users\/2"}],"replies":[{"embeddable":true,"href":"https:\/\/mifavorita.com.pa\/2017\/wp-json\/wp\/v2\/comments?post=7336"}],"version-history":[{"count":1,"href":"https:\/\/mifavorita.com.pa\/2017\/wp-json\/wp\/v2\/posts\/7336\/revisions"}],"predecessor-version":[{"id":7337,"href":"https:\/\/mifavorita.com.pa\/2017\/wp-json\/wp\/v2\/posts\/7336\/revisions\/7337"}],"wp:featuredmedia":[{"embeddable":true,"href":"https:\/\/mifavorita.com.pa\/2017\/wp-json\/wp\/v2\/media\/7333"}],"wp:attachment":[{"href":"https:\/\/mifavorita.com.pa\/2017\/wp-json\/wp\/v2\/media?parent=7336"}],"wp:term":[{"taxonomy":"category","embeddable":true,"href":"https:\/\/mifavorita.com.pa\/2017\/wp-json\/wp\/v2\/categories?post=7336"},{"taxonomy":"post_tag","embeddable":true,"href":"https:\/\/mifavorita.com.pa\/2017\/wp-json\/wp\/v2\/tags?post=7336"}],"curies":[{"name":"wp","href":"https:\/\/api.w.org\/{rel}","templated":true}]}}