{"id":7341,"date":"2023-01-12T15:52:18","date_gmt":"2023-01-12T15:52:18","guid":{"rendered":"https:\/\/mifavorita.com.pa\/2017\/?p=7341"},"modified":"2023-01-12T15:52:19","modified_gmt":"2023-01-12T15:52:19","slug":"instalacion-de-puentes-modulares-en-cocle-tiene-un-buen-avance-indica-director-del-mop","status":"publish","type":"post","link":"https:\/\/mifavorita.com.pa\/2017\/instalacion-de-puentes-modulares-en-cocle-tiene-un-buen-avance-indica-director-del-mop\/","title":{"rendered":"INSTALACI\u00d3N DE PUENTES MODULARES EN COCL\u00c9 TIENE UN BUEN AVANCE, INDICA DIRECTOR DEL MOP"},"content":{"rendered":"\n<p>DAMGELA DE LE\u00d3N<\/p>\n\n\n\n<p>A partir del mes febrero debe iniciar el montaje de la estructura de uno de los primeros puentes modulares destinados a Cocl\u00e9, el cual conecta a Boca de Tul\u00fa con San Isidro, como parte del proyecto 100 Puentes para el Progreso. Son en total 13 puentes los que deben ser construidos e instalados en toda la provincia, la mayor\u00eda de ellos en el \u00e1rea norte.<\/p>\n\n\n\n<p>Se estima que entre mayo y junio de este a\u00f1o se puedan instalar las estructuras de los puentes de&nbsp;Zumabor, Caimital y el de Boca de Tucu\u00e9, siendo este \u00faltimo, el primero que debe ser completado por la urgencia ante la llegada de la temporada de lluvias.<\/p>\n\n\n\n<p>As\u00ed lo explic\u00f3 Edwin G\u00f3mez, director regional del Ministerio de Obras P\u00fablicas, quien se refiri\u00f3 tambi\u00e9n al puente de El Murcielaguero que, desde junio del 2022, deb\u00eda comenzar trabajos, y no es hasta diciembre que se retoman, sin embargo, ha causado molestias entre residentes de \u00e1reas aleda\u00f1as como Barrio Lindo por las incomodidades que el cierre del mismo causa.&nbsp;<\/p>\n\n\n\n<p>El director dice que esperan reabrirlo prontamente, m\u00e1s o menos dentro de un mes y medio, ya que se debe completar la instalaci\u00f3n de las vigas, adem\u00e1s, mencion\u00f3&nbsp;que la mitad de los 13 puentes ser\u00e1n construidos por la empresa CUSA S, A, y&nbsp;que&nbsp;ellos trabajan de en una forma y ritmo diferente al MOP, por lo que no pueden estimar sus trabajos, s\u00f3lo que ser\u00e1n los encargados de puentes como el que conecta a Chorrerita con Juan D\u00edaz, el del Valle de San Miguel y sobre el R\u00edo U.&nbsp;<\/p>\n\n\n\n<p>El inicio de la temporada seca establec\u00eda el inicio de la construcci\u00f3n e instalaci\u00f3n de la mayor\u00eda de los puentes destinados a Cocl\u00e9, sin embrago, los trabajos se llevan a cabo de manera distinta en cada sector, como, por ejemplo, en el puente del Bajito de San Miguel el cual llega a La Palma, el cual requiere primero de la adaptaci\u00f3n de su camino de producci\u00f3n para la posterior instalaci\u00f3n de la estructura. G\u00f3mez tambi\u00e9n resalt\u00f3 que, a pesar de eso, considera que estos proyectos tienen un buen avance.<\/p>\n","protected":false},"excerpt":{"rendered":"<p>DAMGELA DE LE\u00d3N A partir del mes febrero debe iniciar el montaje de la estructura de uno de los primeros puentes modulares destinados a Cocl\u00e9, el cual conecta a Boca de Tul\u00fa con San Isidro, como parte del proyecto 100 Puentes para el Progreso. Son en total 13 puentes los que deben ser construidos e [&hellip;]<\/p>\n","protected":false},"author":2,"featured_media":7340,"comment_status":"closed","ping_status":"open","sticky":false,"template":"","format":"standard","meta":{"footnotes":""},"categories":[1],"tags":[],"class_list":["post-7341","post","type-post","status-publish","format-standard","has-post-thumbnail","hentry","category-noticias"],"_links":{"self":[{"href":"https:\/\/mifavorita.com.pa\/2017\/wp-json\/wp\/v2\/posts\/7341","targetHints":{"allow":["GET"]}}],"collection":[{"href":"https:\/\/mifavorita.com.pa\/2017\/wp-json\/wp\/v2\/posts"}],"about":[{"href":"https:\/\/mifavorita.com.pa\/2017\/wp-json\/wp\/v2\/types\/post"}],"author":[{"embeddable":true,"href":"https:\/\/mifavorita.com.pa\/2017\/wp-json\/wp\/v2\/users\/2"}],"replies":[{"embeddable":true,"href":"https:\/\/mifavorita.com.pa\/2017\/wp-json\/wp\/v2\/comments?post=7341"}],"version-history":[{"count":1,"href":"https:\/\/mifavorita.com.pa\/2017\/wp-json\/wp\/v2\/posts\/7341\/revisions"}],"predecessor-version":[{"id":7342,"href":"https:\/\/mifavorita.com.pa\/2017\/wp-json\/wp\/v2\/posts\/7341\/revisions\/7342"}],"wp:featuredmedia":[{"embeddable":true,"href":"https:\/\/mifavorita.com.pa\/2017\/wp-json\/wp\/v2\/media\/7340"}],"wp:attachment":[{"href":"https:\/\/mifavorita.com.pa\/2017\/wp-json\/wp\/v2\/media?parent=7341"}],"wp:term":[{"taxonomy":"category","embeddable":true,"href":"https:\/\/mifavorita.com.pa\/2017\/wp-json\/wp\/v2\/categories?post=7341"},{"taxonomy":"post_tag","embeddable":true,"href":"https:\/\/mifavorita.com.pa\/2017\/wp-json\/wp\/v2\/tags?post=7341"}],"curies":[{"name":"wp","href":"https:\/\/api.w.org\/{rel}","templated":true}]}}