{"id":7346,"date":"2023-01-12T21:21:43","date_gmt":"2023-01-12T21:21:43","guid":{"rendered":"https:\/\/mifavorita.com.pa\/2017\/?p=7346"},"modified":"2023-01-12T21:21:45","modified_gmt":"2023-01-12T21:21:45","slug":"residentes-de-barriada-en-chigore-denuncian-cambio-inconsulto-de-zonificacion","status":"publish","type":"post","link":"https:\/\/mifavorita.com.pa\/2017\/residentes-de-barriada-en-chigore-denuncian-cambio-inconsulto-de-zonificacion\/","title":{"rendered":"RESIDENTES DE BARRIADA EN CHIGOR\u00c9 DENUNCIAN CAMBIO INCONSULTO DE ZONIFICACI\u00d3N"},"content":{"rendered":"\n<p>DAMGELA DE LE\u00d3N<\/p>\n\n\n\n<p>Ante la alteraci\u00f3n en la zonificaci\u00f3n, realizada en un sector de la comunidad de Chigor\u00e9 en Penonom\u00e9, el cual designa el cambio de zona de R-1 que denomina a residenciales de baja densidad a C-3, establecido como Comercial Vecinal o de Barrio, los residentes de la Barriada Brisas del Zarat\u00ed, espec\u00edficamente de la Calle Fernando Lombardo, denuncian la modificaci\u00f3n como inconsulta y poco transparente.<\/p>\n\n\n\n<p>Luis Z\u00fa\u00f1iga, residente y principal representante de las m\u00e1s de 25 familias que residen en el sector, explic\u00f3 que el cambio da pie a la construcci\u00f3n en la entrada de su calle, de locales comerciales de 2 plantas, el cual alterar\u00eda su estilo de vida, ya que seg\u00fan su c\u00f3digo de zona R-1, s\u00f3lo debe incluir edificios destinados a viviendas&nbsp;y \u00e1reas comunes, no comercios, por ende, interpondr\u00e1n una denuncia ante la Corte Suprema de Justicia.&nbsp;<a><\/a><\/p>\n\n\n\n<p>Z\u00fa\u00f1iga indica que fue un proceso que comenz\u00f3 desde el 2021 y que por cuenta propia comienzan a investigar ante el Ministerio de Vivienda y Ordenamiento Territorial&nbsp;la situaci\u00f3n, descubriendo que la directora regional de ese entonces, Jennifer Quintana, envi\u00f3 la solicitud de cambio ante la Junta Comunal de Penonom\u00e9 para la Consulta Ciudadana establecida bajo ley, pero que no tuvo objeci\u00f3n, sin embargo, al cuestionar al representante&nbsp;Juan Mel\u00e9ndezsobre la misma, \u00e9ste reconoce que desconoce la situaci\u00f3n y anula la nota.&nbsp;<\/p>\n\n\n\n<p>Luis Marciaga, otro de los residentes, indica que se dan cuenta de \u00e9ste cambio cuando se les env\u00eda el aviso de estudio de impacto ambiental,&nbsp;el cual es dejado a trav\u00e9s de una nota dejada bajo ola cerca de su residencia, siendo \u00e9sta la \u00fanica que es entregada a los vecinos. De all\u00ed, al consultar al Ministerio de Ambiente, es que comienzan a investigar.&nbsp;<\/p>\n\n\n\n<p>Por su parte, funcionarios del MIVIOT, a trav\u00e9s de una nota firmada por Laura Navarro del Departamento de Ordenamiento territorial y la Directora Regional, Noriela Ruiz, dirigida a Radio Mi Favorita, medio en el que se emiti\u00f3 la denuncia de los residentes, dicen que a trav\u00e9s de la Direcci\u00f3n de Control y Orientaci\u00f3n del Desarrollo es que se emiten estas solicitudes, y que s\u00f3lo aprueban los cambios de zona,&nbsp;m\u00e1s no los proyectos que se construyan sobre las fincas, adem\u00e1s que el tr\u00e1mite cumpli\u00f3 con los requisitos y con la consulta que fue abierta del 7 al 22 de octubre del 2021.<\/p>\n\n\n\n<p>Seg\u00fan la instituci\u00f3n se encuentran dispuestos a brindar respuestas, e invitan a los residentes a presentar una queja formal ante la Direcci\u00f3n. Indican que la Resoluci\u00f3n que aprueba el cambio de zonificaci\u00f3n fue emitido por la Sede Central del Ministerio en la Capital.<\/p>\n","protected":false},"excerpt":{"rendered":"<p>DAMGELA DE LE\u00d3N Ante la alteraci\u00f3n en la zonificaci\u00f3n, realizada en un sector de la comunidad de Chigor\u00e9 en Penonom\u00e9, el cual designa el cambio de zona de R-1 que denomina a residenciales de baja densidad a C-3, establecido como Comercial Vecinal o de Barrio, los residentes de la Barriada Brisas del Zarat\u00ed, espec\u00edficamente de [&hellip;]<\/p>\n","protected":false},"author":2,"featured_media":7345,"comment_status":"closed","ping_status":"open","sticky":false,"template":"","format":"standard","meta":{"footnotes":""},"categories":[1],"tags":[],"class_list":["post-7346","post","type-post","status-publish","format-standard","has-post-thumbnail","hentry","category-noticias"],"_links":{"self":[{"href":"https:\/\/mifavorita.com.pa\/2017\/wp-json\/wp\/v2\/posts\/7346","targetHints":{"allow":["GET"]}}],"collection":[{"href":"https:\/\/mifavorita.com.pa\/2017\/wp-json\/wp\/v2\/posts"}],"about":[{"href":"https:\/\/mifavorita.com.pa\/2017\/wp-json\/wp\/v2\/types\/post"}],"author":[{"embeddable":true,"href":"https:\/\/mifavorita.com.pa\/2017\/wp-json\/wp\/v2\/users\/2"}],"replies":[{"embeddable":true,"href":"https:\/\/mifavorita.com.pa\/2017\/wp-json\/wp\/v2\/comments?post=7346"}],"version-history":[{"count":1,"href":"https:\/\/mifavorita.com.pa\/2017\/wp-json\/wp\/v2\/posts\/7346\/revisions"}],"predecessor-version":[{"id":7347,"href":"https:\/\/mifavorita.com.pa\/2017\/wp-json\/wp\/v2\/posts\/7346\/revisions\/7347"}],"wp:featuredmedia":[{"embeddable":true,"href":"https:\/\/mifavorita.com.pa\/2017\/wp-json\/wp\/v2\/media\/7345"}],"wp:attachment":[{"href":"https:\/\/mifavorita.com.pa\/2017\/wp-json\/wp\/v2\/media?parent=7346"}],"wp:term":[{"taxonomy":"category","embeddable":true,"href":"https:\/\/mifavorita.com.pa\/2017\/wp-json\/wp\/v2\/categories?post=7346"},{"taxonomy":"post_tag","embeddable":true,"href":"https:\/\/mifavorita.com.pa\/2017\/wp-json\/wp\/v2\/tags?post=7346"}],"curies":[{"name":"wp","href":"https:\/\/api.w.org\/{rel}","templated":true}]}}