{"id":7350,"date":"2023-01-14T04:29:57","date_gmt":"2023-01-14T04:29:57","guid":{"rendered":"https:\/\/mifavorita.com.pa\/2017\/?p=7350"},"modified":"2023-01-14T04:30:00","modified_gmt":"2023-01-14T04:30:00","slug":"abren-convocatoria-de-becas-de-la-fundacion-deveaux","status":"publish","type":"post","link":"https:\/\/mifavorita.com.pa\/2017\/abren-convocatoria-de-becas-de-la-fundacion-deveaux\/","title":{"rendered":"ABREN CONVOCATORIA DE BECAS DE LA FUNDACI\u00d3N DEVEAUX"},"content":{"rendered":"\n<p>DAMGELA DE LE\u00d3N<\/p>\n\n\n\n<p>Del lunes 16 de enero hasta el&nbsp;lunes 27 de febrero del presente a\u00f1o estar\u00e1n abiertas las convocatorias para participar en el concurso de&nbsp;becas de la Fundaci\u00f3n Deveaux, que,&nbsp;como cada a\u00f1o, brinda la oportunidad a j\u00f3venes paname\u00f1os que ingresen a una carrera&nbsp;por primera vez&nbsp;o que ya la&nbsp;est\u00e9n estudiando, de obtener un beneficio econ\u00f3mico que apoye a sus gastos universitarios.&nbsp;<\/p>\n\n\n\n<p> Estudiantes de carreras de ingenier\u00edas, tecnolog\u00edas, ciencias naturales exactas, energ\u00eda, alimentaci\u00f3n, ciencias agropecuarias, construcci\u00f3n, salud, log\u00edstica, alimentaci\u00f3n, entre muchas otras, tienen la oportunidad de aspirar a una beca.<\/p>\n\n\n\n<figure class=\"wp-block-image size-large\"><img decoding=\"async\" width=\"300\" height=\"95\" src=\"https:\/\/mifavorita.com.pa\/2017\/wp-content\/uploads\/2023\/01\/img_5848-300x95.jpg\" class=\"wp-image-7349\" srcset=\"https:\/\/mifavorita.com.pa\/2017\/wp-content\/uploads\/2023\/01\/img_5848-300x95.jpg 300w, https:\/\/mifavorita.com.pa\/2017\/wp-content\/uploads\/2023\/01\/img_5848.jpg 502w\" sizes=\"(max-width: 300px) 100vw, 300px\" \/><\/figure>\n\n\n\n<p> Desaneiry Pacheco, miembro de la fundacion, explic\u00f3 que cualquier joven puede aplicar, siempre y cuando estudie en una universidad p\u00fablica y privada de Panam\u00e1, ademas de cumplir con un promedio, que es de 4.25 para los que ingresan a la universidad, y de 2.00 para los que ya se mantienen en una carrera.<\/p>\n\n\n\n<p> Pacheco tambi\u00e9n destac\u00f3 que no importa que el estudiante sea beneficiario de cualquier otra ayuda o beca, ya que eso no afectar\u00eda en nada su escogencia. <\/p>\n\n\n\n<p> S\u00f3lo en el 2022 aplicaron 250 estudiantes, y se otorgaron 24 becas que no s\u00f3lo incluyen el apoyo econ\u00f3mico, sino tambi\u00e9n acompa\u00f1amientopsicol\u00f3gico en todo el proceso educativo, e incluyegastos de graduaci\u00f3n. La fundaci\u00f3n desde hace muchos a\u00f1os se dedica al apoyo de proyectos educativos en todo el pa\u00eds.<\/p>\n\n\n\n<p> Para mayor informaci\u00f3n, tanto de los requisitos, las carreras espec\u00edficas que aplican, como para la realizaci\u00f3n del tr\u00e1mite, se puede acceder a la p\u00e1gina web <a href=\"http:\/\/www.fundaciondeveaux.org\">www.fundaciondeveaux.org<\/a> .<\/p>\n","protected":false},"excerpt":{"rendered":"<p>DAMGELA DE LE\u00d3N Del lunes 16 de enero hasta el&nbsp;lunes 27 de febrero del presente a\u00f1o estar\u00e1n abiertas las convocatorias para participar en el concurso de&nbsp;becas de la Fundaci\u00f3n Deveaux, que,&nbsp;como cada a\u00f1o, brinda la oportunidad a j\u00f3venes paname\u00f1os que ingresen a una carrera&nbsp;por primera vez&nbsp;o que ya la&nbsp;est\u00e9n estudiando, de obtener un beneficio econ\u00f3mico [&hellip;]<\/p>\n","protected":false},"author":2,"featured_media":7348,"comment_status":"closed","ping_status":"open","sticky":false,"template":"","format":"standard","meta":{"footnotes":""},"categories":[1],"tags":[],"class_list":["post-7350","post","type-post","status-publish","format-standard","has-post-thumbnail","hentry","category-noticias"],"_links":{"self":[{"href":"https:\/\/mifavorita.com.pa\/2017\/wp-json\/wp\/v2\/posts\/7350","targetHints":{"allow":["GET"]}}],"collection":[{"href":"https:\/\/mifavorita.com.pa\/2017\/wp-json\/wp\/v2\/posts"}],"about":[{"href":"https:\/\/mifavorita.com.pa\/2017\/wp-json\/wp\/v2\/types\/post"}],"author":[{"embeddable":true,"href":"https:\/\/mifavorita.com.pa\/2017\/wp-json\/wp\/v2\/users\/2"}],"replies":[{"embeddable":true,"href":"https:\/\/mifavorita.com.pa\/2017\/wp-json\/wp\/v2\/comments?post=7350"}],"version-history":[{"count":1,"href":"https:\/\/mifavorita.com.pa\/2017\/wp-json\/wp\/v2\/posts\/7350\/revisions"}],"predecessor-version":[{"id":7351,"href":"https:\/\/mifavorita.com.pa\/2017\/wp-json\/wp\/v2\/posts\/7350\/revisions\/7351"}],"wp:featuredmedia":[{"embeddable":true,"href":"https:\/\/mifavorita.com.pa\/2017\/wp-json\/wp\/v2\/media\/7348"}],"wp:attachment":[{"href":"https:\/\/mifavorita.com.pa\/2017\/wp-json\/wp\/v2\/media?parent=7350"}],"wp:term":[{"taxonomy":"category","embeddable":true,"href":"https:\/\/mifavorita.com.pa\/2017\/wp-json\/wp\/v2\/categories?post=7350"},{"taxonomy":"post_tag","embeddable":true,"href":"https:\/\/mifavorita.com.pa\/2017\/wp-json\/wp\/v2\/tags?post=7350"}],"curies":[{"name":"wp","href":"https:\/\/api.w.org\/{rel}","templated":true}]}}