{"id":7357,"date":"2023-01-16T20:44:22","date_gmt":"2023-01-16T20:44:22","guid":{"rendered":"https:\/\/mifavorita.com.pa\/2017\/?p=7357"},"modified":"2023-01-16T20:44:23","modified_gmt":"2023-01-16T20:44:23","slug":"inician-las-ferias-del-ima-2023-en-la-provincia-de-cocle","status":"publish","type":"post","link":"https:\/\/mifavorita.com.pa\/2017\/inician-las-ferias-del-ima-2023-en-la-provincia-de-cocle\/","title":{"rendered":"INICIAN LAS FERIAS DEL IMA 2023 EN LA PROVINCIA DE COCL\u00c9"},"content":{"rendered":"\n<p>DAMGELA DE LE\u00d3N<\/p>\n\n\n\n<p>Luego de un cese de algunos d\u00edas posterior al mes de diciembre, el Instituto de Mercadeo Agropecuario en Cocl\u00e9 ha anunciado las primeras fechas para la realizaci\u00f3n de ferias itinerantes y sabatinas del a\u00f1o.&nbsp;<\/p>\n\n\n\n<p>La comunidad de El Congo ser\u00e1 la primera en donde se realizar\u00e1n el mi\u00e9rcoles 18 de enero, en donde tendr\u00e1n a disposici\u00f3n del p\u00fablico unas 15 mil libras de arroz y la venta de productos agr\u00edcolas en la casa local.<\/p>\n\n\n\n<figure class=\"wp-block-image size-large\"><img fetchpriority=\"high\" decoding=\"async\" width=\"1024\" height=\"768\" src=\"https:\/\/mifavorita.com.pa\/2017\/wp-content\/uploads\/2023\/01\/3f1d8d36-f647-4628-9d16-e4d70ff2d103-1024x768.jpg\" class=\"wp-image-7355\" srcset=\"https:\/\/mifavorita.com.pa\/2017\/wp-content\/uploads\/2023\/01\/3f1d8d36-f647-4628-9d16-e4d70ff2d103-1024x768.jpg 1024w, https:\/\/mifavorita.com.pa\/2017\/wp-content\/uploads\/2023\/01\/3f1d8d36-f647-4628-9d16-e4d70ff2d103-300x225.jpg 300w, https:\/\/mifavorita.com.pa\/2017\/wp-content\/uploads\/2023\/01\/3f1d8d36-f647-4628-9d16-e4d70ff2d103-768x576.jpg 768w, https:\/\/mifavorita.com.pa\/2017\/wp-content\/uploads\/2023\/01\/3f1d8d36-f647-4628-9d16-e4d70ff2d103-1200x900.jpg 1200w, https:\/\/mifavorita.com.pa\/2017\/wp-content\/uploads\/2023\/01\/3f1d8d36-f647-4628-9d16-e4d70ff2d103.jpg 1280w\" sizes=\"(max-width: 1024px) 100vw, 1024px\" \/><\/figure>\n\n\n\n<p>Luego de ello, se trasladar\u00e1n hacia el corregimiento de Caballero en Ant\u00f3n, el jueves 19, en donde se esperan ofrecer unas 10 mil libras de arroz, seguido de Llano Grande en La Pintada, ambas sus respectivas casas locales.&nbsp;<\/p>\n\n\n\n<p>La semana de ferias ser\u00e1 finalizada el s\u00e1bado 21 en el Parque 15 de enero en Ant\u00f3n, en donde han dispuesto vender 50 mil libras del tan esperado arroz.&nbsp;Todas las ferias inician desde las 7 de la ma\u00f1ana, y culminan m\u00e1s o menos en horas del mediod\u00eda.&nbsp;<\/p>\n\n\n\n<p>As\u00ed lo explic\u00f3 Fernando Herrera, director del IMA en Cocl\u00e9, quien explic\u00f3 que tal como hab\u00edan anunciado, se ha organizado la distribuci\u00f3n del arroz para toda la provincia, ya que, por ser el producto m\u00e1s buscado durante el mes de diciembre, hab\u00eda escaseado, por ello esperan seguir llegando a m\u00e1s lugares, por ello, en cada semana anunciar\u00e1n los d\u00edas y lugares. <\/p>\n\n\n\n<figure class=\"wp-block-image size-large\"><img decoding=\"async\" width=\"1024\" height=\"768\" src=\"https:\/\/mifavorita.com.pa\/2017\/wp-content\/uploads\/2023\/01\/8101d34a-50cc-4d4d-864b-02cd78df6625-1024x768.jpg\" class=\"wp-image-7356\" srcset=\"https:\/\/mifavorita.com.pa\/2017\/wp-content\/uploads\/2023\/01\/8101d34a-50cc-4d4d-864b-02cd78df6625-1024x768.jpg 1024w, https:\/\/mifavorita.com.pa\/2017\/wp-content\/uploads\/2023\/01\/8101d34a-50cc-4d4d-864b-02cd78df6625-300x225.jpg 300w, https:\/\/mifavorita.com.pa\/2017\/wp-content\/uploads\/2023\/01\/8101d34a-50cc-4d4d-864b-02cd78df6625-768x576.jpg 768w, https:\/\/mifavorita.com.pa\/2017\/wp-content\/uploads\/2023\/01\/8101d34a-50cc-4d4d-864b-02cd78df6625-1200x900.jpg 1200w, https:\/\/mifavorita.com.pa\/2017\/wp-content\/uploads\/2023\/01\/8101d34a-50cc-4d4d-864b-02cd78df6625.jpg 1280w\" sizes=\"(max-width: 1024px) 100vw, 1024px\" \/><\/figure>\n\n\n\n<p>Herrera tambi\u00e9n dio el anuncio de la reapertura de una tienda de ventas de productos agr\u00edcolas a bajo costo, en Penonom\u00e9, dentro de los predios de la cancha de mini f\u00fatbol en la intersecci\u00f3n entre la calle 3 de noviembre y la avenida Cincuentenario, que estar\u00e1 abierta los lunes y mi\u00e9rcoles a partir de la \u00faltima semana de enero.<\/p>\n","protected":false},"excerpt":{"rendered":"<p>DAMGELA DE LE\u00d3N Luego de un cese de algunos d\u00edas posterior al mes de diciembre, el Instituto de Mercadeo Agropecuario en Cocl\u00e9 ha anunciado las primeras fechas para la realizaci\u00f3n de ferias itinerantes y sabatinas del a\u00f1o.&nbsp; La comunidad de El Congo ser\u00e1 la primera en donde se realizar\u00e1n el mi\u00e9rcoles 18 de enero, en [&hellip;]<\/p>\n","protected":false},"author":2,"featured_media":7354,"comment_status":"closed","ping_status":"open","sticky":false,"template":"","format":"standard","meta":{"footnotes":""},"categories":[1],"tags":[],"class_list":["post-7357","post","type-post","status-publish","format-standard","has-post-thumbnail","hentry","category-noticias"],"_links":{"self":[{"href":"https:\/\/mifavorita.com.pa\/2017\/wp-json\/wp\/v2\/posts\/7357","targetHints":{"allow":["GET"]}}],"collection":[{"href":"https:\/\/mifavorita.com.pa\/2017\/wp-json\/wp\/v2\/posts"}],"about":[{"href":"https:\/\/mifavorita.com.pa\/2017\/wp-json\/wp\/v2\/types\/post"}],"author":[{"embeddable":true,"href":"https:\/\/mifavorita.com.pa\/2017\/wp-json\/wp\/v2\/users\/2"}],"replies":[{"embeddable":true,"href":"https:\/\/mifavorita.com.pa\/2017\/wp-json\/wp\/v2\/comments?post=7357"}],"version-history":[{"count":1,"href":"https:\/\/mifavorita.com.pa\/2017\/wp-json\/wp\/v2\/posts\/7357\/revisions"}],"predecessor-version":[{"id":7358,"href":"https:\/\/mifavorita.com.pa\/2017\/wp-json\/wp\/v2\/posts\/7357\/revisions\/7358"}],"wp:featuredmedia":[{"embeddable":true,"href":"https:\/\/mifavorita.com.pa\/2017\/wp-json\/wp\/v2\/media\/7354"}],"wp:attachment":[{"href":"https:\/\/mifavorita.com.pa\/2017\/wp-json\/wp\/v2\/media?parent=7357"}],"wp:term":[{"taxonomy":"category","embeddable":true,"href":"https:\/\/mifavorita.com.pa\/2017\/wp-json\/wp\/v2\/categories?post=7357"},{"taxonomy":"post_tag","embeddable":true,"href":"https:\/\/mifavorita.com.pa\/2017\/wp-json\/wp\/v2\/tags?post=7357"}],"curies":[{"name":"wp","href":"https:\/\/api.w.org\/{rel}","templated":true}]}}