{"id":7362,"date":"2023-01-16T23:56:52","date_gmt":"2023-01-16T23:56:52","guid":{"rendered":"https:\/\/mifavorita.com.pa\/2017\/?p=7362"},"modified":"2023-01-16T23:56:53","modified_gmt":"2023-01-16T23:56:53","slug":"antoneros-volvieron-a-recorrer-las-calles-de-su-pueblo-en-honor-al-cristo-de-esquipulas","status":"publish","type":"post","link":"https:\/\/mifavorita.com.pa\/2017\/antoneros-volvieron-a-recorrer-las-calles-de-su-pueblo-en-honor-al-cristo-de-esquipulas\/","title":{"rendered":"ANTONEROS VOLVIERON A RECORRER LAS CALLES DE SU PUEBLO EN HONOR AL CRISTO DE ESQUIPULAS"},"content":{"rendered":"\n<p>DAMGELA DE LE\u00d3N <\/p>\n\n\n\n<p>Miles de antoneros y visitantes recorrieron este 15 de enero las principales calles del distrito, acompa\u00f1ando a su Santo Patr\u00f3n, el Cristo de Esquipulas. Luego de 2 a\u00f1os sin realizarse la procesi\u00f3n, las calles de Ant\u00f3n se llenaron de feligreses cargados de fe y devoci\u00f3n, la cual comenz\u00f3 a las 8 de la noche. Desde horas de la ma\u00f1ana iniciaron las actividades en honor al Cristo, con una serenata, seguido de una eucarist\u00eda.&nbsp;<\/p>\n\n\n\n<p>A las 10 de la ma\u00f1ana dio inicio la misa campal, en donde un centenar de personas participaron de la misma. A lo largo del d\u00eda, las calles de Ant\u00f3n comenzaron a llenarse de peregrinos a la espera de visitar el templo San Juan Bautista y visitar la imagen del Cristo.<\/p>\n\n\n\n<figure class=\"wp-block-image size-large\"><img fetchpriority=\"high\" decoding=\"async\" width=\"1024\" height=\"621\" src=\"https:\/\/mifavorita.com.pa\/2017\/wp-content\/uploads\/2023\/01\/68e93f28-5bf1-464c-86b5-7424f9a25978-1024x621.jpg\" class=\"wp-image-7360\" srcset=\"https:\/\/mifavorita.com.pa\/2017\/wp-content\/uploads\/2023\/01\/68e93f28-5bf1-464c-86b5-7424f9a25978-1024x621.jpg 1024w, https:\/\/mifavorita.com.pa\/2017\/wp-content\/uploads\/2023\/01\/68e93f28-5bf1-464c-86b5-7424f9a25978-300x182.jpg 300w, https:\/\/mifavorita.com.pa\/2017\/wp-content\/uploads\/2023\/01\/68e93f28-5bf1-464c-86b5-7424f9a25978-768x466.jpg 768w, https:\/\/mifavorita.com.pa\/2017\/wp-content\/uploads\/2023\/01\/68e93f28-5bf1-464c-86b5-7424f9a25978-1536x931.jpg 1536w, https:\/\/mifavorita.com.pa\/2017\/wp-content\/uploads\/2023\/01\/68e93f28-5bf1-464c-86b5-7424f9a25978-1200x728.jpg 1200w, https:\/\/mifavorita.com.pa\/2017\/wp-content\/uploads\/2023\/01\/68e93f28-5bf1-464c-86b5-7424f9a25978.jpg 1600w\" sizes=\"(max-width: 1024px) 100vw, 1024px\" \/><\/figure>\n\n\n\n<p>Los estamentos de seguridad se mantuvieron custodiando el recorrido de la procesi\u00f3n para mantener el orden. La imagen se mantuvo rodeada del tradicional cord\u00f3n, que era guiado por colaboradores de la parroquia y peregrinos, quienes al son de cantos y a la luz de las velas, avanzaban a paso lento.<\/p>\n\n\n\n<p>La imagen lleg\u00f3 a la iglesia a las 11 y 40, en donde fue recibida entre aplausos y con un acto con fuegos artificiales. Este lunes 16, se realiz\u00f3 la denominada misa de salud para despedir a los peregrinos y a los Esquipulistas, procedentes de todas partes del pa\u00eds, representando el cierre de las actividades religiosas. <\/p>\n\n\n\n<figure class=\"wp-block-image size-large\"><img decoding=\"async\" width=\"1024\" height=\"576\" src=\"https:\/\/mifavorita.com.pa\/2017\/wp-content\/uploads\/2023\/01\/da1b0766-e1c8-40d2-b25b-f9885c857e70-1024x576.jpg\" class=\"wp-image-7361\" srcset=\"https:\/\/mifavorita.com.pa\/2017\/wp-content\/uploads\/2023\/01\/da1b0766-e1c8-40d2-b25b-f9885c857e70-1024x576.jpg 1024w, https:\/\/mifavorita.com.pa\/2017\/wp-content\/uploads\/2023\/01\/da1b0766-e1c8-40d2-b25b-f9885c857e70-300x169.jpg 300w, https:\/\/mifavorita.com.pa\/2017\/wp-content\/uploads\/2023\/01\/da1b0766-e1c8-40d2-b25b-f9885c857e70-768x432.jpg 768w, https:\/\/mifavorita.com.pa\/2017\/wp-content\/uploads\/2023\/01\/da1b0766-e1c8-40d2-b25b-f9885c857e70-1536x864.jpg 1536w, https:\/\/mifavorita.com.pa\/2017\/wp-content\/uploads\/2023\/01\/da1b0766-e1c8-40d2-b25b-f9885c857e70-1200x675.jpg 1200w, https:\/\/mifavorita.com.pa\/2017\/wp-content\/uploads\/2023\/01\/da1b0766-e1c8-40d2-b25b-f9885c857e70.jpg 1600w\" sizes=\"(max-width: 1024px) 100vw, 1024px\" \/><\/figure>\n\n\n\n<p>Sin embargo, la Junta de Festejos ha preparado una serie de actividades durante la noche del lunes para cerrar las fiestas de calle de las Patronales de Ant\u00f3n para este a\u00f1o 2023.<\/p>\n","protected":false},"excerpt":{"rendered":"<p>DAMGELA DE LE\u00d3N Miles de antoneros y visitantes recorrieron este 15 de enero las principales calles del distrito, acompa\u00f1ando a su Santo Patr\u00f3n, el Cristo de Esquipulas. Luego de 2 a\u00f1os sin realizarse la procesi\u00f3n, las calles de Ant\u00f3n se llenaron de feligreses cargados de fe y devoci\u00f3n, la cual comenz\u00f3 a las 8 de [&hellip;]<\/p>\n","protected":false},"author":2,"featured_media":7359,"comment_status":"closed","ping_status":"open","sticky":false,"template":"","format":"standard","meta":{"footnotes":""},"categories":[1],"tags":[],"class_list":["post-7362","post","type-post","status-publish","format-standard","has-post-thumbnail","hentry","category-noticias"],"_links":{"self":[{"href":"https:\/\/mifavorita.com.pa\/2017\/wp-json\/wp\/v2\/posts\/7362","targetHints":{"allow":["GET"]}}],"collection":[{"href":"https:\/\/mifavorita.com.pa\/2017\/wp-json\/wp\/v2\/posts"}],"about":[{"href":"https:\/\/mifavorita.com.pa\/2017\/wp-json\/wp\/v2\/types\/post"}],"author":[{"embeddable":true,"href":"https:\/\/mifavorita.com.pa\/2017\/wp-json\/wp\/v2\/users\/2"}],"replies":[{"embeddable":true,"href":"https:\/\/mifavorita.com.pa\/2017\/wp-json\/wp\/v2\/comments?post=7362"}],"version-history":[{"count":1,"href":"https:\/\/mifavorita.com.pa\/2017\/wp-json\/wp\/v2\/posts\/7362\/revisions"}],"predecessor-version":[{"id":7363,"href":"https:\/\/mifavorita.com.pa\/2017\/wp-json\/wp\/v2\/posts\/7362\/revisions\/7363"}],"wp:featuredmedia":[{"embeddable":true,"href":"https:\/\/mifavorita.com.pa\/2017\/wp-json\/wp\/v2\/media\/7359"}],"wp:attachment":[{"href":"https:\/\/mifavorita.com.pa\/2017\/wp-json\/wp\/v2\/media?parent=7362"}],"wp:term":[{"taxonomy":"category","embeddable":true,"href":"https:\/\/mifavorita.com.pa\/2017\/wp-json\/wp\/v2\/categories?post=7362"},{"taxonomy":"post_tag","embeddable":true,"href":"https:\/\/mifavorita.com.pa\/2017\/wp-json\/wp\/v2\/tags?post=7362"}],"curies":[{"name":"wp","href":"https:\/\/api.w.org\/{rel}","templated":true}]}}