{"id":7366,"date":"2023-01-17T23:10:05","date_gmt":"2023-01-17T23:10:05","guid":{"rendered":"https:\/\/mifavorita.com.pa\/2017\/?p=7366"},"modified":"2023-01-17T23:10:07","modified_gmt":"2023-01-17T23:10:07","slug":"diputados-rechazan-anteproyecto-de-ley-que-regulaba-la-profesion-del-politologo","status":"publish","type":"post","link":"https:\/\/mifavorita.com.pa\/2017\/diputados-rechazan-anteproyecto-de-ley-que-regulaba-la-profesion-del-politologo\/","title":{"rendered":"DIPUTADOS RECHAZAN ANTEPROYECTO DE LEY QUE REGULABA LA PROFESI\u00d3N DEL POLIT\u00d3LOGO"},"content":{"rendered":"\n<p>DAMGELA DE LE\u00d3N<\/p>\n\n\n\n<p>Producto de la presentaci\u00f3n de un ante proyecto de ley 936que reglamentar\u00eda la profesi\u00f3n del polit\u00f3logo en Panam\u00e1, las reacciones de la sociedad civil ante el contenido del mismo han sido diversas en su mayor\u00eda, de rechazo.&nbsp;<\/p>\n\n\n\n<p>Este anteproyecto fue presentado el 20 de septiembre del 2022 por un grupo de estudiantes de la Facultad de Derechos y Ciencias Pol\u00edticas de la Universidad de Panam\u00e1 encabezados por Ronaldo Bukanan, a trav\u00e9s la Direcci\u00f3n de Participaci\u00f3n Ciudadana y redirigida ante la Comisi\u00f3n de Trabajo, Salud y Desarrollo. <\/p>\n\n\n\n<figure class=\"wp-block-image size-large\"><img fetchpriority=\"high\" decoding=\"async\" width=\"1024\" height=\"578\" src=\"https:\/\/mifavorita.com.pa\/2017\/wp-content\/uploads\/2023\/01\/img_6185-1024x578.jpg\" class=\"wp-image-7365\" srcset=\"https:\/\/mifavorita.com.pa\/2017\/wp-content\/uploads\/2023\/01\/img_6185-1024x578.jpg 1024w, https:\/\/mifavorita.com.pa\/2017\/wp-content\/uploads\/2023\/01\/img_6185-300x169.jpg 300w, https:\/\/mifavorita.com.pa\/2017\/wp-content\/uploads\/2023\/01\/img_6185-768x434.jpg 768w, https:\/\/mifavorita.com.pa\/2017\/wp-content\/uploads\/2023\/01\/img_6185-1200x678.jpg 1200w, https:\/\/mifavorita.com.pa\/2017\/wp-content\/uploads\/2023\/01\/img_6185.jpg 1440w\" sizes=\"(max-width: 1024px) 100vw, 1024px\" \/><\/figure>\n\n\n\n<p>Los 19&nbsp;incluye las actividades que conciernen a este profesional y sus posibilidades laborales tanto en instituciones como en empresas privadas,&nbsp;en materia de asesoramiento. Dentro de los art\u00edculos tambi\u00e9n se establece una Junta T\u00e9cnica de Politolog\u00eda de Panam\u00e1 y que la profesi\u00f3n s\u00f3lo podr\u00eda ser ejercida por paname\u00f1os que posean un diploma de una universidad p\u00fablica o privada, y de ser extrajera, con Reacreditaci\u00f3n de la Universidad Nacional.&nbsp;<\/p>\n\n\n\n<p>La ciudadan\u00eda y expertos polit\u00f3logos la han catalogado como una amenaza a la libertad de expresi\u00f3n, como un camino a la dictadura o como una maniobra para otorgar idoneidades. Respecto a ello, Daniel&nbsp;Ramos, diputado del circuito 2-1, y presidente de la comisi\u00f3n encargada de analizar el anteproyecto, coment\u00f3 que el mismo ha sido admitido como parte de un proceso regular que cumplen todas las leyes.<\/p>\n\n\n\n<p>Dentro de los art\u00edculos tambi\u00e9n se incluye que la Junta T\u00e9cnica ser\u00eda la encargada de otorgar las idoneidades y el carnet correspondiente, al igual, que&nbsp;la aplicaci\u00f3n de multas a quienes violen la&nbsp;ley,&nbsp;que&nbsp;va&nbsp;de los 500 hasta los 5 mil balboas.<\/p>\n\n\n\n<p>Pese a ello, la tarde del martes 17, la Comisi\u00f3n de Trabajo, Salud y Desarrollo durante el primer debate de este anteproyecto, rechaz\u00f3 con 6 votos en contra y 1 abstenci\u00f3n, realizada por el diputado Mariano L\u00f3pez, quien indic\u00f3 que estaba en desacuerdo con detener el proyecto, ya que los estudiantes luchaban por reglamentar su preocupaci\u00f3n y era v\u00e1lido seguir analizando.<\/p>\n","protected":false},"excerpt":{"rendered":"<p>DAMGELA DE LE\u00d3N Producto de la presentaci\u00f3n de un ante proyecto de ley 936que reglamentar\u00eda la profesi\u00f3n del polit\u00f3logo en Panam\u00e1, las reacciones de la sociedad civil ante el contenido del mismo han sido diversas en su mayor\u00eda, de rechazo.&nbsp; Este anteproyecto fue presentado el 20 de septiembre del 2022 por un grupo de estudiantes [&hellip;]<\/p>\n","protected":false},"author":2,"featured_media":7364,"comment_status":"closed","ping_status":"open","sticky":false,"template":"","format":"standard","meta":{"footnotes":""},"categories":[1],"tags":[],"class_list":["post-7366","post","type-post","status-publish","format-standard","has-post-thumbnail","hentry","category-noticias"],"_links":{"self":[{"href":"https:\/\/mifavorita.com.pa\/2017\/wp-json\/wp\/v2\/posts\/7366","targetHints":{"allow":["GET"]}}],"collection":[{"href":"https:\/\/mifavorita.com.pa\/2017\/wp-json\/wp\/v2\/posts"}],"about":[{"href":"https:\/\/mifavorita.com.pa\/2017\/wp-json\/wp\/v2\/types\/post"}],"author":[{"embeddable":true,"href":"https:\/\/mifavorita.com.pa\/2017\/wp-json\/wp\/v2\/users\/2"}],"replies":[{"embeddable":true,"href":"https:\/\/mifavorita.com.pa\/2017\/wp-json\/wp\/v2\/comments?post=7366"}],"version-history":[{"count":1,"href":"https:\/\/mifavorita.com.pa\/2017\/wp-json\/wp\/v2\/posts\/7366\/revisions"}],"predecessor-version":[{"id":7367,"href":"https:\/\/mifavorita.com.pa\/2017\/wp-json\/wp\/v2\/posts\/7366\/revisions\/7367"}],"wp:featuredmedia":[{"embeddable":true,"href":"https:\/\/mifavorita.com.pa\/2017\/wp-json\/wp\/v2\/media\/7364"}],"wp:attachment":[{"href":"https:\/\/mifavorita.com.pa\/2017\/wp-json\/wp\/v2\/media?parent=7366"}],"wp:term":[{"taxonomy":"category","embeddable":true,"href":"https:\/\/mifavorita.com.pa\/2017\/wp-json\/wp\/v2\/categories?post=7366"},{"taxonomy":"post_tag","embeddable":true,"href":"https:\/\/mifavorita.com.pa\/2017\/wp-json\/wp\/v2\/tags?post=7366"}],"curies":[{"name":"wp","href":"https:\/\/api.w.org\/{rel}","templated":true}]}}