{"id":7383,"date":"2023-01-20T21:44:10","date_gmt":"2023-01-20T21:44:10","guid":{"rendered":"https:\/\/mifavorita.com.pa\/2017\/?p=7383"},"modified":"2023-01-20T21:44:12","modified_gmt":"2023-01-20T21:44:12","slug":"inadeh-capacita-a-reclusas-del-centro-penitenciario-de-penonome-en-diversos-rubros","status":"publish","type":"post","link":"https:\/\/mifavorita.com.pa\/2017\/inadeh-capacita-a-reclusas-del-centro-penitenciario-de-penonome-en-diversos-rubros\/","title":{"rendered":"INADEH CAPACITA A RECLUSAS DEL CENTRO PENITENCIARIO DE PENONOM\u00c9 EN DIVERSOS RUBROS"},"content":{"rendered":"\n<p>DAMGELA DE LE\u00d3N<\/p>\n\n\n\n<p>Unas 15 mujeres privadas de libertad del Centro Penitenciario de Llano Mar\u00edn en Penonom\u00e9, fortalecen sus habilidades en trabajos manuales, esta vez, siendo parte por primera vez, de un curso de tapicer\u00eda de muebles, en donde a trav\u00e9s de instructores del&nbsp;Instituto Nacional de Formaci\u00f3n Profesional y Capacitaci\u00f3n para el Desarrollo Humano, son guiadas en las diferentes t\u00e9cnicas requeridas para estas labores.<\/p>\n\n\n\n<p>Yamily Tejedor, directora del Centro Penitenciario, indic\u00f3 que ellas est\u00e1n aprendiendo esto como un seguimiento a otros cursos que han tomado, como lo es ebanister\u00eda, en donde ya aprendieron a confeccionar puertas y ventanas, y que a su vez fortalecen su resocializaci\u00f3n. <\/p>\n\n\n\n<figure class=\"wp-block-image size-large\"><img fetchpriority=\"high\" decoding=\"async\" width=\"1024\" height=\"542\" src=\"https:\/\/mifavorita.com.pa\/2017\/wp-content\/uploads\/2023\/01\/8ef0d208-8143-4e61-94e6-ac4be37c8c2c-1024x542.jpg\" class=\"wp-image-7382\" srcset=\"https:\/\/mifavorita.com.pa\/2017\/wp-content\/uploads\/2023\/01\/8ef0d208-8143-4e61-94e6-ac4be37c8c2c-1024x542.jpg 1024w, https:\/\/mifavorita.com.pa\/2017\/wp-content\/uploads\/2023\/01\/8ef0d208-8143-4e61-94e6-ac4be37c8c2c-300x159.jpg 300w, https:\/\/mifavorita.com.pa\/2017\/wp-content\/uploads\/2023\/01\/8ef0d208-8143-4e61-94e6-ac4be37c8c2c-768x407.jpg 768w, https:\/\/mifavorita.com.pa\/2017\/wp-content\/uploads\/2023\/01\/8ef0d208-8143-4e61-94e6-ac4be37c8c2c-1200x636.jpg 1200w, https:\/\/mifavorita.com.pa\/2017\/wp-content\/uploads\/2023\/01\/8ef0d208-8143-4e61-94e6-ac4be37c8c2c.jpg 1280w\" sizes=\"(max-width: 1024px) 100vw, 1024px\" \/><\/figure>\n\n\n\n<p>Por su parte, Mario Bethancourt, instructor principal, indic\u00f3 que las mujeres est\u00e1n aprendiendo todo lo concerniente a los esqueletos de los muebles y su montura, que requiere de saber c\u00f3mo se utilizan las herramientas de trabajo.&nbsp;<\/p>\n\n\n\n<p>A&nbsp;su vez,&nbsp;son instruidas en&nbsp;la colocaci\u00f3n del polifoam que integra el cuerpo de los mobiliarios que aprender a confeccionar, y por \u00faltimo la escogencia y la instalaci\u00f3n de la tela de tapizar.&nbsp;<\/p>\n\n\n\n<p>Este curso est\u00e1 integrado por clases que deben completar 300 horas, e integrar\u00e1 un proyecto final. La idea es que, al momento de reintegrarse a la sociedad, estas mujeres puedan tener una opci\u00f3n de trabajo, de manera en que sea una fuente de ingresos.<\/p>\n","protected":false},"excerpt":{"rendered":"<p>DAMGELA DE LE\u00d3N Unas 15 mujeres privadas de libertad del Centro Penitenciario de Llano Mar\u00edn en Penonom\u00e9, fortalecen sus habilidades en trabajos manuales, esta vez, siendo parte por primera vez, de un curso de tapicer\u00eda de muebles, en donde a trav\u00e9s de instructores del&nbsp;Instituto Nacional de Formaci\u00f3n Profesional y Capacitaci\u00f3n para el Desarrollo Humano, son [&hellip;]<\/p>\n","protected":false},"author":2,"featured_media":7381,"comment_status":"closed","ping_status":"open","sticky":false,"template":"","format":"standard","meta":{"footnotes":""},"categories":[1],"tags":[],"class_list":["post-7383","post","type-post","status-publish","format-standard","has-post-thumbnail","hentry","category-noticias"],"_links":{"self":[{"href":"https:\/\/mifavorita.com.pa\/2017\/wp-json\/wp\/v2\/posts\/7383","targetHints":{"allow":["GET"]}}],"collection":[{"href":"https:\/\/mifavorita.com.pa\/2017\/wp-json\/wp\/v2\/posts"}],"about":[{"href":"https:\/\/mifavorita.com.pa\/2017\/wp-json\/wp\/v2\/types\/post"}],"author":[{"embeddable":true,"href":"https:\/\/mifavorita.com.pa\/2017\/wp-json\/wp\/v2\/users\/2"}],"replies":[{"embeddable":true,"href":"https:\/\/mifavorita.com.pa\/2017\/wp-json\/wp\/v2\/comments?post=7383"}],"version-history":[{"count":1,"href":"https:\/\/mifavorita.com.pa\/2017\/wp-json\/wp\/v2\/posts\/7383\/revisions"}],"predecessor-version":[{"id":7384,"href":"https:\/\/mifavorita.com.pa\/2017\/wp-json\/wp\/v2\/posts\/7383\/revisions\/7384"}],"wp:featuredmedia":[{"embeddable":true,"href":"https:\/\/mifavorita.com.pa\/2017\/wp-json\/wp\/v2\/media\/7381"}],"wp:attachment":[{"href":"https:\/\/mifavorita.com.pa\/2017\/wp-json\/wp\/v2\/media?parent=7383"}],"wp:term":[{"taxonomy":"category","embeddable":true,"href":"https:\/\/mifavorita.com.pa\/2017\/wp-json\/wp\/v2\/categories?post=7383"},{"taxonomy":"post_tag","embeddable":true,"href":"https:\/\/mifavorita.com.pa\/2017\/wp-json\/wp\/v2\/tags?post=7383"}],"curies":[{"name":"wp","href":"https:\/\/api.w.org\/{rel}","templated":true}]}}