{"id":7387,"date":"2023-01-21T01:59:48","date_gmt":"2023-01-21T01:59:48","guid":{"rendered":"https:\/\/mifavorita.com.pa\/2017\/?p=7387"},"modified":"2023-01-21T01:59:49","modified_gmt":"2023-01-21T01:59:49","slug":"iphe-capacitara-a-sus-docentes-directivos-y-tecnicos-en-35-temas-especializados","status":"publish","type":"post","link":"https:\/\/mifavorita.com.pa\/2017\/iphe-capacitara-a-sus-docentes-directivos-y-tecnicos-en-35-temas-especializados\/","title":{"rendered":"IPHE CAPACITAR\u00c1 A SUS DOCENTES, DIRECTIVOS Y T\u00c9CNICOS EN 35 TEMAS ESPECIALIZADOS"},"content":{"rendered":"\n<p>DAMGELA DE LE\u00d3N<a><\/a><\/p>\n\n\n\n<p>Para fortalecer los conocimientos de los mil 112&nbsp;docentes,63&nbsp;directivos&nbsp;y&nbsp;395 integrantes del equipo&nbsp;t\u00e9cnico del Instituto Paname\u00f1o de Habilitaci\u00f3n Especial a nivel nacional, se estar\u00e1n&nbsp;impartiendo seminarios basados en 35 temas diferentes relacionados con la educaci\u00f3n especial.<\/p>\n\n\n\n<p>Algunas de las tem\u00e1ticas ser\u00e1n: Lengua de Se\u00f1as Paname\u00f1a, Estrategias para la Ense\u00f1anza en Ni\u00f1os con Discapacidad en Edad Preescolar, Juego como Herramienta Pedag\u00f3gica, Did\u00e1ctica Braille, Educaci\u00f3n F\u00edsica Adaptada, Neuroeducaci\u00f3n, entre otros. <\/p>\n\n\n\n<figure class=\"wp-block-image size-large\"><img fetchpriority=\"high\" decoding=\"async\" width=\"1024\" height=\"682\" src=\"https:\/\/mifavorita.com.pa\/2017\/wp-content\/uploads\/2023\/01\/img_6453-1024x682.jpg\" class=\"wp-image-7386\" srcset=\"https:\/\/mifavorita.com.pa\/2017\/wp-content\/uploads\/2023\/01\/img_6453-1024x682.jpg 1024w, https:\/\/mifavorita.com.pa\/2017\/wp-content\/uploads\/2023\/01\/img_6453-300x200.jpg 300w, https:\/\/mifavorita.com.pa\/2017\/wp-content\/uploads\/2023\/01\/img_6453-768x512.jpg 768w, https:\/\/mifavorita.com.pa\/2017\/wp-content\/uploads\/2023\/01\/img_6453-1200x800.jpg 1200w, https:\/\/mifavorita.com.pa\/2017\/wp-content\/uploads\/2023\/01\/img_6453.jpg 1280w\" sizes=\"(max-width: 1024px) 100vw, 1024px\" \/><\/figure>\n\n\n\n<p>Los seminarios ser\u00e1n impartidos de manera presencial en las sedes del IPHE en David, Santiago, Las Tablas, Chitr\u00e9, Penonom\u00e9, Bethania, Col\u00f3n y Metet\u00ed, y tambi\u00e9n se podr\u00e1 acceder v\u00eda virtual a trav\u00e9s de la p\u00e1gina web de la instituci\u00f3n, en donde se ha establecido un link para la inscripci\u00f3n. Estas capacitaciones dar\u00e1n inicio el 30 de enero y culminar\u00e1n el 17 de febrero.&nbsp;<\/p>\n\n\n\n<p>Marlena Moreno, directora nacional de servicios y apoyos para la habilitaci\u00f3n, explic\u00f3 que esperan poder cumplir con la parte que les corresponde de los objetivos de desarrollo sostenible, que es el n\u00famero 4 acerca de mejorar la calidad de la educaci\u00f3n.&nbsp;<\/p>\n\n\n\n<p>El IPHE atiende a m\u00e1s de 16 mil 663 estudiantes a nivel nacional, por ende, cada sede dar\u00e1 los seminarios que consideraron necesarios impartir para fortalecer esos temas, y as\u00ed poder mejorar las t\u00e9cnicas de ense\u00f1anza a ni\u00f1os y j\u00f3venes con necesidades especiales.<\/p>\n","protected":false},"excerpt":{"rendered":"<p>DAMGELA DE LE\u00d3N Para fortalecer los conocimientos de los mil 112&nbsp;docentes,63&nbsp;directivos&nbsp;y&nbsp;395 integrantes del equipo&nbsp;t\u00e9cnico del Instituto Paname\u00f1o de Habilitaci\u00f3n Especial a nivel nacional, se estar\u00e1n&nbsp;impartiendo seminarios basados en 35 temas diferentes relacionados con la educaci\u00f3n especial. Algunas de las tem\u00e1ticas ser\u00e1n: Lengua de Se\u00f1as Paname\u00f1a, Estrategias para la Ense\u00f1anza en Ni\u00f1os con Discapacidad en Edad [&hellip;]<\/p>\n","protected":false},"author":2,"featured_media":7385,"comment_status":"closed","ping_status":"open","sticky":false,"template":"","format":"standard","meta":{"footnotes":""},"categories":[1],"tags":[],"class_list":["post-7387","post","type-post","status-publish","format-standard","has-post-thumbnail","hentry","category-noticias"],"_links":{"self":[{"href":"https:\/\/mifavorita.com.pa\/2017\/wp-json\/wp\/v2\/posts\/7387","targetHints":{"allow":["GET"]}}],"collection":[{"href":"https:\/\/mifavorita.com.pa\/2017\/wp-json\/wp\/v2\/posts"}],"about":[{"href":"https:\/\/mifavorita.com.pa\/2017\/wp-json\/wp\/v2\/types\/post"}],"author":[{"embeddable":true,"href":"https:\/\/mifavorita.com.pa\/2017\/wp-json\/wp\/v2\/users\/2"}],"replies":[{"embeddable":true,"href":"https:\/\/mifavorita.com.pa\/2017\/wp-json\/wp\/v2\/comments?post=7387"}],"version-history":[{"count":1,"href":"https:\/\/mifavorita.com.pa\/2017\/wp-json\/wp\/v2\/posts\/7387\/revisions"}],"predecessor-version":[{"id":7388,"href":"https:\/\/mifavorita.com.pa\/2017\/wp-json\/wp\/v2\/posts\/7387\/revisions\/7388"}],"wp:featuredmedia":[{"embeddable":true,"href":"https:\/\/mifavorita.com.pa\/2017\/wp-json\/wp\/v2\/media\/7385"}],"wp:attachment":[{"href":"https:\/\/mifavorita.com.pa\/2017\/wp-json\/wp\/v2\/media?parent=7387"}],"wp:term":[{"taxonomy":"category","embeddable":true,"href":"https:\/\/mifavorita.com.pa\/2017\/wp-json\/wp\/v2\/categories?post=7387"},{"taxonomy":"post_tag","embeddable":true,"href":"https:\/\/mifavorita.com.pa\/2017\/wp-json\/wp\/v2\/tags?post=7387"}],"curies":[{"name":"wp","href":"https:\/\/api.w.org\/{rel}","templated":true}]}}