{"id":7392,"date":"2023-01-23T21:41:32","date_gmt":"2023-01-23T21:41:32","guid":{"rendered":"https:\/\/mifavorita.com.pa\/2017\/?p=7392"},"modified":"2023-01-23T22:41:44","modified_gmt":"2023-01-23T22:41:44","slug":"ultiman-los-preparativos-del-carnaval-acuativo-de-penonome","status":"publish","type":"post","link":"https:\/\/mifavorita.com.pa\/2017\/ultiman-los-preparativos-del-carnaval-acuativo-de-penonome\/","title":{"rendered":"ULTIMAN LOS PREPARATIVOS DEL CARNAVAL ACU\u00c1TICO DE PENONOM\u00c9"},"content":{"rendered":"\n<p>DAMGELA DE LE\u00d3N<\/p>\n\n\n\n<p>Variedad de artistas, nuevas ubicaciones,&nbsp;una&nbsp;tarima, estructuras de audio y video, y algunos patrocinadores, es parte&nbsp;de lo que se vislumbra para el&nbsp;Carnaval Acu\u00e1tico de Penonom\u00e9&nbsp;2023. Para este a\u00f1o se&nbsp;retoma el espacio que abarca desde el parque de Los Ilustres la bajada hacia Las Mendozas&nbsp;con carros cisternas, con una sola tarima de espect\u00e1culos ubicada a un costado de la Catedral, la cual d\u00eda y noche contar\u00e1&nbsp;con presentaciones variadas de orquestas, grupos t\u00edpicos&nbsp;y artistas urbanos de trayectoria nacional.&nbsp;<\/p>\n\n\n\n<p>Se espera contar con 3 entradas hacia&nbsp;la zona de los culecos, una en&nbsp;la Avenida Central, la otra por el Parque 8 de Diciembre,&nbsp;y&nbsp;una,&nbsp;que a\u00fan se debe confirmar la ubicaci\u00f3n con la Polic\u00eda Nacional; toda la zona se mantendr\u00e1&nbsp;con vallas, y s\u00f3lo se colocar\u00e1n torres con bocinas y pantallas, y planchas altas que pueden ser adquiridas por cualquier empresa o persona para ubicarse en esa zona.&nbsp;<\/p>\n\n\n\n<p>As\u00ed lo indic\u00f3 Paula Gonz\u00e1lez, alcaldesa del distrito, quien explic\u00f3 que las actividades del carnaval, han sidocoordinadas con las autoridades de seguridad y de salud, como el paseo de las balsas el s\u00e1bado de carnaval, la participaci\u00f3n de algunas comparsas con las que esperan reunirse durante esta semana, y la ubicaci\u00f3n de los puestos de venta de comidas y bebidas.<\/p>\n\n\n\n<figure class=\"wp-block-image size-large\"><img fetchpriority=\"high\" decoding=\"async\" width=\"1024\" height=\"554\" src=\"https:\/\/mifavorita.com.pa\/2017\/wp-content\/uploads\/2023\/01\/e4febaa2-6e37-485d-871d-01ff444ae47a-1-1024x554.jpg\" alt=\"\" class=\"wp-image-7391\" srcset=\"https:\/\/mifavorita.com.pa\/2017\/wp-content\/uploads\/2023\/01\/e4febaa2-6e37-485d-871d-01ff444ae47a-1-1024x554.jpg 1024w, https:\/\/mifavorita.com.pa\/2017\/wp-content\/uploads\/2023\/01\/e4febaa2-6e37-485d-871d-01ff444ae47a-1-300x162.jpg 300w, https:\/\/mifavorita.com.pa\/2017\/wp-content\/uploads\/2023\/01\/e4febaa2-6e37-485d-871d-01ff444ae47a-1-768x416.jpg 768w, https:\/\/mifavorita.com.pa\/2017\/wp-content\/uploads\/2023\/01\/e4febaa2-6e37-485d-871d-01ff444ae47a-1.jpg 1125w\" sizes=\"(max-width: 1024px) 100vw, 1024px\" \/><\/figure>\n\n\n\n<p>Gonz\u00e1lez tambi\u00e9n advirti\u00f3 que, aparte de las actividades&nbsp;en la Central, en El Manguito, las estructuras que se ubicar\u00e1n en la calle 15 de Diciembre, los carnavales de San Pedro y en Tambo, ning\u00fan otro lugar ha tramitado permisos, adem\u00e1sque esperan en pr\u00f3ximos d\u00edas la aprobaci\u00f3n en el registro p\u00fablico&nbsp;de la Junta del Carnaval,&nbsp;que tiene como presidente a Antonio P\u00e9rez. Esta junta mantiene una oficina al lado de los coordinadores de paz&nbsp;a un costado del Municipio, y ya se encuentra tramitando los permisos para puestos de venta.&nbsp;<\/p>\n\n\n\n<p>La alcaldesa dijo que pr\u00f3ximamente firmar\u00e1n contratos con empresas&nbsp;para los patrocinios, y que,&nbsp;aunque enviaron una nota a la Autoridad del Turismo para pedir apoyo econ\u00f3mico, a\u00fan est\u00e1n a la espera de respuesta, ya que es una inyecci\u00f3n a todos los gastos.&nbsp;<\/p>\n\n\n\n<p>Para este a\u00f1o la represa del r\u00edo Zarat\u00ed en Las Mendozascontar\u00e1 con el apoyo del Ministerio de Obras P\u00fablicas, y est\u00e1n tramitando el permiso con el Ministerio de Ambiente; la limpieza de la zona de la tarima en el balneario, la cual est\u00e1 en un terreno privado, pero seg\u00fan la alcaldesa, los due\u00f1os siempre han tenido la disposici\u00f3n de ceder el espacio durante el s\u00e1bado.<\/p>\n","protected":false},"excerpt":{"rendered":"<p>DAMGELA DE LE\u00d3N Variedad de artistas, nuevas ubicaciones,&nbsp;una&nbsp;tarima, estructuras de audio y video, y algunos patrocinadores, es parte&nbsp;de lo que se vislumbra para el&nbsp;Carnaval Acu\u00e1tico de Penonom\u00e9&nbsp;2023. Para este a\u00f1o se&nbsp;retoma el espacio que abarca desde el parque de Los Ilustres la bajada hacia Las Mendozas&nbsp;con carros cisternas, con una sola tarima de espect\u00e1culos ubicada [&hellip;]<\/p>\n","protected":false},"author":2,"featured_media":7390,"comment_status":"closed","ping_status":"open","sticky":false,"template":"","format":"standard","meta":{"footnotes":""},"categories":[1],"tags":[],"class_list":["post-7392","post","type-post","status-publish","format-standard","has-post-thumbnail","hentry","category-noticias"],"_links":{"self":[{"href":"https:\/\/mifavorita.com.pa\/2017\/wp-json\/wp\/v2\/posts\/7392","targetHints":{"allow":["GET"]}}],"collection":[{"href":"https:\/\/mifavorita.com.pa\/2017\/wp-json\/wp\/v2\/posts"}],"about":[{"href":"https:\/\/mifavorita.com.pa\/2017\/wp-json\/wp\/v2\/types\/post"}],"author":[{"embeddable":true,"href":"https:\/\/mifavorita.com.pa\/2017\/wp-json\/wp\/v2\/users\/2"}],"replies":[{"embeddable":true,"href":"https:\/\/mifavorita.com.pa\/2017\/wp-json\/wp\/v2\/comments?post=7392"}],"version-history":[{"count":2,"href":"https:\/\/mifavorita.com.pa\/2017\/wp-json\/wp\/v2\/posts\/7392\/revisions"}],"predecessor-version":[{"id":7394,"href":"https:\/\/mifavorita.com.pa\/2017\/wp-json\/wp\/v2\/posts\/7392\/revisions\/7394"}],"wp:featuredmedia":[{"embeddable":true,"href":"https:\/\/mifavorita.com.pa\/2017\/wp-json\/wp\/v2\/media\/7390"}],"wp:attachment":[{"href":"https:\/\/mifavorita.com.pa\/2017\/wp-json\/wp\/v2\/media?parent=7392"}],"wp:term":[{"taxonomy":"category","embeddable":true,"href":"https:\/\/mifavorita.com.pa\/2017\/wp-json\/wp\/v2\/categories?post=7392"},{"taxonomy":"post_tag","embeddable":true,"href":"https:\/\/mifavorita.com.pa\/2017\/wp-json\/wp\/v2\/tags?post=7392"}],"curies":[{"name":"wp","href":"https:\/\/api.w.org\/{rel}","templated":true}]}}