{"id":7396,"date":"2023-01-23T23:19:43","date_gmt":"2023-01-23T23:19:43","guid":{"rendered":"https:\/\/mifavorita.com.pa\/2017\/?p=7396"},"modified":"2023-01-23T23:19:45","modified_gmt":"2023-01-23T23:19:45","slug":"asesinan-con-arma-blanca-a-un-hombre-en-tulu","status":"publish","type":"post","link":"https:\/\/mifavorita.com.pa\/2017\/asesinan-con-arma-blanca-a-un-hombre-en-tulu\/","title":{"rendered":"Asesinan con arma blanca a un hombre en Tul\u00fa."},"content":{"rendered":"\n<p>DAR\u00cdO FERN\u00c1NDEZ ALZAMORA<\/p>\n\n\n\n<p><br>Luego de haber participado en un desaf\u00edo clandestino de peleas de gallos, un hombre fue asesinado la noche del pasado s\u00e1bado 21 de enero, al recibir m\u00faltiples heridas por arma blanca, en momentos en los que caminaba por un camino rumbo hacia su casa.<\/p>\n\n\n\n<p><br>El hecho se dio en la apartada comunidad de San Vicente del corregimiento de Tul\u00fa, en el norte del distrito de Penonom\u00e9, localidad que se ubica a unas dos horas y media por carretera desde la capital de la provincia.<\/p>\n\n\n\n<p><br>Seg\u00fan el sub comisionado de la Segunda Zona de Polic\u00eda de Cocl\u00e9, Cesar Herrera, la v\u00edctima ten\u00eda m\u00faltiples heridas en sus extremidades, lo que posiblemente le pudo causar la muerte, al tiempo que inform\u00f3 que el Ministerio P\u00fablico se encuentra haciendo las investigaciones para tratar de esclarecer este primer homicidio del a\u00f1o 2023 en esta provincia y dar con el causante de esta muerte.<\/p>\n\n\n\n<p><br>El levantamiento del cad\u00e1ver estuvo a cargo del fiscal de la secci\u00f3n de Homicidio y Femicidio de Cocl\u00e9 y Veraguas del Ministerio P\u00fablico, Jorge Vega Bogantes.<\/p>\n\n\n\n<p><br>En la provincia de Cocl\u00e9, los casos de homicidio son en su mayor\u00eda derivados de los efectos del consumo de bebidas alcoh\u00f3licas en cualquier tipo de actividades, lo que ocasiona enfrentamientos por viejas rencillas entre familiares y amigos, dejando casos en donde alguien ha perdido la vida.<\/p>\n\n\n\n<p><br>Son varias las comunidades de los distintos distritos de Cocl\u00e9, los que solicitan a sus autoridades hacer algo m\u00e1s para prevenir este tipo de situaciones, ya que las actividades clandestinas donde se consume licor se dan casi a menudo, causando muchas situaciones que lamentar.<\/p>\n","protected":false},"excerpt":{"rendered":"<p>DAR\u00cdO FERN\u00c1NDEZ ALZAMORA Luego de haber participado en un desaf\u00edo clandestino de peleas de gallos, un hombre fue asesinado la noche del pasado s\u00e1bado 21 de enero, al recibir m\u00faltiples heridas por arma blanca, en momentos en los que caminaba por un camino rumbo hacia su casa. El hecho se dio en la apartada comunidad [&hellip;]<\/p>\n","protected":false},"author":2,"featured_media":7395,"comment_status":"closed","ping_status":"open","sticky":false,"template":"","format":"standard","meta":{"footnotes":""},"categories":[1],"tags":[],"class_list":["post-7396","post","type-post","status-publish","format-standard","has-post-thumbnail","hentry","category-noticias"],"_links":{"self":[{"href":"https:\/\/mifavorita.com.pa\/2017\/wp-json\/wp\/v2\/posts\/7396","targetHints":{"allow":["GET"]}}],"collection":[{"href":"https:\/\/mifavorita.com.pa\/2017\/wp-json\/wp\/v2\/posts"}],"about":[{"href":"https:\/\/mifavorita.com.pa\/2017\/wp-json\/wp\/v2\/types\/post"}],"author":[{"embeddable":true,"href":"https:\/\/mifavorita.com.pa\/2017\/wp-json\/wp\/v2\/users\/2"}],"replies":[{"embeddable":true,"href":"https:\/\/mifavorita.com.pa\/2017\/wp-json\/wp\/v2\/comments?post=7396"}],"version-history":[{"count":1,"href":"https:\/\/mifavorita.com.pa\/2017\/wp-json\/wp\/v2\/posts\/7396\/revisions"}],"predecessor-version":[{"id":7397,"href":"https:\/\/mifavorita.com.pa\/2017\/wp-json\/wp\/v2\/posts\/7396\/revisions\/7397"}],"wp:featuredmedia":[{"embeddable":true,"href":"https:\/\/mifavorita.com.pa\/2017\/wp-json\/wp\/v2\/media\/7395"}],"wp:attachment":[{"href":"https:\/\/mifavorita.com.pa\/2017\/wp-json\/wp\/v2\/media?parent=7396"}],"wp:term":[{"taxonomy":"category","embeddable":true,"href":"https:\/\/mifavorita.com.pa\/2017\/wp-json\/wp\/v2\/categories?post=7396"},{"taxonomy":"post_tag","embeddable":true,"href":"https:\/\/mifavorita.com.pa\/2017\/wp-json\/wp\/v2\/tags?post=7396"}],"curies":[{"name":"wp","href":"https:\/\/api.w.org\/{rel}","templated":true}]}}