{"id":7401,"date":"2023-01-25T01:12:45","date_gmt":"2023-01-25T01:12:45","guid":{"rendered":"https:\/\/mifavorita.com.pa\/2017\/?p=7401"},"modified":"2023-01-25T01:12:48","modified_gmt":"2023-01-25T01:12:48","slug":"ministerio-de-salud-en-cocle-conmemora-sus-54-anos-de-aniversario","status":"publish","type":"post","link":"https:\/\/mifavorita.com.pa\/2017\/ministerio-de-salud-en-cocle-conmemora-sus-54-anos-de-aniversario\/","title":{"rendered":"MINISTERIO DE SALUD EN COCL\u00c9 CONMEMORA SUS 54 A\u00d1OS DE ANIVERSARIO"},"content":{"rendered":"\n<p>DAMGELA DE LE\u00d3N<\/p>\n\n\n\n<p>Conmemorando los 54 a\u00f1os del Ministerio de Salud, la regi\u00f3n de Cocl\u00e9, realiz\u00f3 un acto de reconocimiento a algunos ex funcionarios de la instituci\u00f3n, quienes a trav\u00e9s de los a\u00f1os de servicios entregaron de su tiempo y dedicaci\u00f3n de forma desinteresada a la salud de los pacientes de diversas patolog\u00edas en la provincia de Cocl\u00e9.<\/p>\n\n\n\n<p>Este acto, realizado en el parque 8 de diciembre de Penonom\u00e9, tambi\u00e9n incluy\u00f3 una feria de promoci\u00f3n de salud en enfermedades prevenibles y una jornada de vacunaci\u00f3n del esquema normal y de la vacuna bivalente contra el Covid-19 a los grupos de enfermedades cr\u00f3nicas, personas con discapacidad, mayores de 60 y estamentos de seguridad. Esta vacuna ser\u00e1 aplicada cada a\u00f1o como refuerzo. <\/p>\n\n\n\n<figure class=\"wp-block-image size-large\"><img fetchpriority=\"high\" decoding=\"async\" width=\"1024\" height=\"768\" src=\"https:\/\/mifavorita.com.pa\/2017\/wp-content\/uploads\/2023\/01\/img_6641-1024x768.jpg\" class=\"wp-image-7400\" srcset=\"https:\/\/mifavorita.com.pa\/2017\/wp-content\/uploads\/2023\/01\/img_6641-1024x768.jpg 1024w, https:\/\/mifavorita.com.pa\/2017\/wp-content\/uploads\/2023\/01\/img_6641-300x225.jpg 300w, https:\/\/mifavorita.com.pa\/2017\/wp-content\/uploads\/2023\/01\/img_6641-768x576.jpg 768w, https:\/\/mifavorita.com.pa\/2017\/wp-content\/uploads\/2023\/01\/img_6641-1536x1152.jpg 1536w, https:\/\/mifavorita.com.pa\/2017\/wp-content\/uploads\/2023\/01\/img_6641-2048x1536.jpg 2048w, https:\/\/mifavorita.com.pa\/2017\/wp-content\/uploads\/2023\/01\/img_6641-1200x900.jpg 1200w, https:\/\/mifavorita.com.pa\/2017\/wp-content\/uploads\/2023\/01\/img_6641-1980x1485.jpg 1980w\" sizes=\"(max-width: 1024px) 100vw, 1024px\" \/><\/figure>\n\n\n\n<p>As\u00ed lo explic\u00f3 Mario Lozada, director de la regi\u00f3n de Cocl\u00e9, quien con mucho \u00e1nimo reconoci\u00f3 el esfuerzo del personal de salud en la provincia en estos&nbsp;\u00faltimos&nbsp;3 a\u00f1os con el fin de aminorar las complicaciones en pacientes Covid-19.&nbsp;<\/p>\n\n\n\n<p>Adem\u00e1s,&nbsp;que explic\u00f3 la historia de una de las exfuncionarias reconocidas, la se\u00f1ora Josefa Mor\u00e1n, asistente de enfermer\u00eda que labor\u00f3 desde los inicios del Hospital Aquilino Tejeira de Penonom\u00e9.&nbsp;<\/p>\n\n\n\n<p>Cadin Obald\u00eda, doctora de la secci\u00f3n de epidemiolog\u00eda tambi\u00e9n explic\u00f3 que para ellos es grata la oportunidad de resaltar el&nbsp;esfuerzo de sus ex compa\u00f1eros.&nbsp;<\/p>\n\n\n\n<p>Horas antes del acto, el personal de la regional particip\u00f3 de una misa de acci\u00f3n de gracias en la Capilla de San Mart\u00edn. El MINSA en Cocl\u00e9 est\u00e1 integrado por m\u00e1s de 300 personas, entre equipo operativo y administrativo, el cual se divide entre los 18 centros de salud,&nbsp;54 puestos y el Hospital Aquilino Tejeira.<\/p>\n\n\n\n<p>La fecha del aniversario fue el domingo 15 de enero.<\/p>\n","protected":false},"excerpt":{"rendered":"<p>DAMGELA DE LE\u00d3N Conmemorando los 54 a\u00f1os del Ministerio de Salud, la regi\u00f3n de Cocl\u00e9, realiz\u00f3 un acto de reconocimiento a algunos ex funcionarios de la instituci\u00f3n, quienes a trav\u00e9s de los a\u00f1os de servicios entregaron de su tiempo y dedicaci\u00f3n de forma desinteresada a la salud de los pacientes de diversas patolog\u00edas en la [&hellip;]<\/p>\n","protected":false},"author":2,"featured_media":7399,"comment_status":"closed","ping_status":"open","sticky":false,"template":"","format":"standard","meta":{"footnotes":""},"categories":[1],"tags":[],"class_list":["post-7401","post","type-post","status-publish","format-standard","has-post-thumbnail","hentry","category-noticias"],"_links":{"self":[{"href":"https:\/\/mifavorita.com.pa\/2017\/wp-json\/wp\/v2\/posts\/7401","targetHints":{"allow":["GET"]}}],"collection":[{"href":"https:\/\/mifavorita.com.pa\/2017\/wp-json\/wp\/v2\/posts"}],"about":[{"href":"https:\/\/mifavorita.com.pa\/2017\/wp-json\/wp\/v2\/types\/post"}],"author":[{"embeddable":true,"href":"https:\/\/mifavorita.com.pa\/2017\/wp-json\/wp\/v2\/users\/2"}],"replies":[{"embeddable":true,"href":"https:\/\/mifavorita.com.pa\/2017\/wp-json\/wp\/v2\/comments?post=7401"}],"version-history":[{"count":1,"href":"https:\/\/mifavorita.com.pa\/2017\/wp-json\/wp\/v2\/posts\/7401\/revisions"}],"predecessor-version":[{"id":7402,"href":"https:\/\/mifavorita.com.pa\/2017\/wp-json\/wp\/v2\/posts\/7401\/revisions\/7402"}],"wp:featuredmedia":[{"embeddable":true,"href":"https:\/\/mifavorita.com.pa\/2017\/wp-json\/wp\/v2\/media\/7399"}],"wp:attachment":[{"href":"https:\/\/mifavorita.com.pa\/2017\/wp-json\/wp\/v2\/media?parent=7401"}],"wp:term":[{"taxonomy":"category","embeddable":true,"href":"https:\/\/mifavorita.com.pa\/2017\/wp-json\/wp\/v2\/categories?post=7401"},{"taxonomy":"post_tag","embeddable":true,"href":"https:\/\/mifavorita.com.pa\/2017\/wp-json\/wp\/v2\/tags?post=7401"}],"curies":[{"name":"wp","href":"https:\/\/api.w.org\/{rel}","templated":true}]}}