{"id":7409,"date":"2023-01-25T22:32:01","date_gmt":"2023-01-25T22:32:01","guid":{"rendered":"https:\/\/mifavorita.com.pa\/2017\/?p=7409"},"modified":"2023-01-25T23:09:31","modified_gmt":"2023-01-25T23:09:31","slug":"carnavales-de-anton-seguiran-siendo-coordinados-por-las-3-tunas-existentes","status":"publish","type":"post","link":"https:\/\/mifavorita.com.pa\/2017\/carnavales-de-anton-seguiran-siendo-coordinados-por-las-3-tunas-existentes\/","title":{"rendered":"CARNAVALES DE ANT\u00d3N SEGUIR\u00c1N SIENDO COORDINADOS POR LAS 3 TUNAS EXISTENTES"},"content":{"rendered":"\n<p>DAMGELA DE LE\u00d3N<\/p>\n\n\n\n<p>Como parte de las actividades del carnaval 2023, las autoridades de Ant\u00f3n ya se encuentran preparando todo lo que respecta a los horarios de fiestas durante el d\u00eda y la noche, distribuci\u00f3n de tunas y las actividades que se desarrollen en el distrito durante la fiesta.<\/p>\n\n\n\n<p>Estas festividades comenzar\u00e1n el viernes 17 de febrero con la coronaci\u00f3n de las reinas de las tunas de Calle Abajo, Comunidades Unidas y Guabas Abajo, en el Parque 15 de enero, lugar en el que tambi\u00e9n ser\u00e1n los culecos los d\u00edas posteriores. <\/p>\n\n\n\n<figure class=\"wp-block-image size-large\"><img fetchpriority=\"high\" decoding=\"async\" width=\"1024\" height=\"556\" src=\"https:\/\/mifavorita.com.pa\/2017\/wp-content\/uploads\/2023\/01\/img_6747-1024x556.jpg\" alt=\"\" class=\"wp-image-7408\" srcset=\"https:\/\/mifavorita.com.pa\/2017\/wp-content\/uploads\/2023\/01\/img_6747-1024x556.jpg 1024w, https:\/\/mifavorita.com.pa\/2017\/wp-content\/uploads\/2023\/01\/img_6747-300x163.jpg 300w, https:\/\/mifavorita.com.pa\/2017\/wp-content\/uploads\/2023\/01\/img_6747-768x417.jpg 768w, https:\/\/mifavorita.com.pa\/2017\/wp-content\/uploads\/2023\/01\/img_6747.jpg 1080w\" sizes=\"(max-width: 1024px) 100vw, 1024px\" \/><\/figure>\n\n\n\n<p>Eric Dom\u00ednguez, alcalde de Ant\u00f3n,&nbsp;explic\u00f3 que todo lo relacionado&nbsp;a puestos de venta, organizaci\u00f3n de las actividades&nbsp;y disposiciones generales estar\u00e1n a cargo de las 3 tunas, que ya han cedido los cobros de puestos de comidas, bebidas, entradas y discoteca a una empresa&nbsp;particular.&nbsp;<\/p>\n\n\n\n<p>El Alcalde tambi\u00e9n dijo que,&nbsp;para el pr\u00f3ximo a\u00f1o, buscan crear en conjunto con representantes de las 3 tunas, una Junta de Carnaval, en la que tenga mayor participaci\u00f3n la Alcald\u00eda, sin embargo, que se encuentran cooperando con todo lo&nbsp;relacionado a las festividades, ya que tambi\u00e9n son los encargados de otorgar los permisos para las mismas, y de reparar da\u00f1os ocasionados a las estructuras del Parque.<\/p>\n\n\n\n<p>En los pr\u00f3ximos d\u00edas ser\u00e1 emitido el decreto que establecer\u00e1todas las disposiciones acordadas durante&nbsp;una&nbsp;reuni\u00f3n con el departamento legal&nbsp;del Municipio de Ant\u00f3n,&nbsp;miembros de las 3 tunas y el Alcalde, adem\u00e1s, mantendr\u00e1n otra reuni\u00f3n con los estamentos de seguridad para presentar el croquis del Parque con los puntos de ventas, entradas y salidas.&nbsp;<\/p>\n\n\n\n<p>Dom\u00ednguez tambi\u00e9n mencion\u00f3 que ya un hotel de la riviera pac\u00edfica se encuentra tramitando permisos para realizar actividades dentro de sus instalaciones, siendo un atractivo tur\u00edstico m\u00e1s para el Distrito.<\/p>\n","protected":false},"excerpt":{"rendered":"<p>DAMGELA DE LE\u00d3N Como parte de las actividades del carnaval 2023, las autoridades de Ant\u00f3n ya se encuentran preparando todo lo que respecta a los horarios de fiestas durante el d\u00eda y la noche, distribuci\u00f3n de tunas y las actividades que se desarrollen en el distrito durante la fiesta. Estas festividades comenzar\u00e1n el viernes 17 [&hellip;]<\/p>\n","protected":false},"author":2,"featured_media":7407,"comment_status":"closed","ping_status":"open","sticky":false,"template":"","format":"standard","meta":{"footnotes":""},"categories":[1],"tags":[],"class_list":["post-7409","post","type-post","status-publish","format-standard","has-post-thumbnail","hentry","category-noticias"],"_links":{"self":[{"href":"https:\/\/mifavorita.com.pa\/2017\/wp-json\/wp\/v2\/posts\/7409","targetHints":{"allow":["GET"]}}],"collection":[{"href":"https:\/\/mifavorita.com.pa\/2017\/wp-json\/wp\/v2\/posts"}],"about":[{"href":"https:\/\/mifavorita.com.pa\/2017\/wp-json\/wp\/v2\/types\/post"}],"author":[{"embeddable":true,"href":"https:\/\/mifavorita.com.pa\/2017\/wp-json\/wp\/v2\/users\/2"}],"replies":[{"embeddable":true,"href":"https:\/\/mifavorita.com.pa\/2017\/wp-json\/wp\/v2\/comments?post=7409"}],"version-history":[{"count":2,"href":"https:\/\/mifavorita.com.pa\/2017\/wp-json\/wp\/v2\/posts\/7409\/revisions"}],"predecessor-version":[{"id":7415,"href":"https:\/\/mifavorita.com.pa\/2017\/wp-json\/wp\/v2\/posts\/7409\/revisions\/7415"}],"wp:featuredmedia":[{"embeddable":true,"href":"https:\/\/mifavorita.com.pa\/2017\/wp-json\/wp\/v2\/media\/7407"}],"wp:attachment":[{"href":"https:\/\/mifavorita.com.pa\/2017\/wp-json\/wp\/v2\/media?parent=7409"}],"wp:term":[{"taxonomy":"category","embeddable":true,"href":"https:\/\/mifavorita.com.pa\/2017\/wp-json\/wp\/v2\/categories?post=7409"},{"taxonomy":"post_tag","embeddable":true,"href":"https:\/\/mifavorita.com.pa\/2017\/wp-json\/wp\/v2\/tags?post=7409"}],"curies":[{"name":"wp","href":"https:\/\/api.w.org\/{rel}","templated":true}]}}